{"id":26863,"date":"2020-07-22T07:19:19","date_gmt":"2020-07-22T11:19:19","guid":{"rendered":"https:\/\/www.radioamigavallenar.cl\/?p=26863"},"modified":"2020-07-22T07:19:20","modified_gmt":"2020-07-22T11:19:20","slug":"seremi-de-gobierno-continuamos-trabajando-con-prudencia-responsabilidad-y-criterio-por-cada-chileno-y-atacameno","status":"publish","type":"post","link":"https:\/\/www.radioamigavallenar.cl\/?p=26863","title":{"rendered":"Seremi de Gobierno: \u201cContinuamos trabajando con prudencia, responsabilidad y criterio por cada chileno y atacame\u00f1o\u201d"},"content":{"rendered":"\n<div class=\"wp-block-image\"><figure class=\"aligncenter size-large\"><img loading=\"lazy\" decoding=\"async\" width=\"981\" height=\"842\" src=\"https:\/\/www.radioamigavallenar.cl\/wp-content\/uploads\/2020\/07\/SEREMI-ATACAMA.jpg\" alt=\"\" class=\"wp-image-26864\" srcset=\"https:\/\/www.radioamigavallenar.cl\/wp-content\/uploads\/2020\/07\/SEREMI-ATACAMA.jpg 981w, https:\/\/www.radioamigavallenar.cl\/wp-content\/uploads\/2020\/07\/SEREMI-ATACAMA-300x257.jpg 300w, https:\/\/www.radioamigavallenar.cl\/wp-content\/uploads\/2020\/07\/SEREMI-ATACAMA-768x659.jpg 768w\" sizes=\"auto, (max-width: 981px) 100vw, 981px\" \/><\/figure><\/div>\n\n\n\n<ul class=\"wp-block-list\"><li><strong>La vocera regional del Gobierno llam\u00f3 a redoblar los esfuerzos y a no bajar los brazos, \u201cya que estamos atravesando una pandemia de car\u00e1cter mundial\u201d.<\/strong><\/li><\/ul>\n\n\n\n<p>Tras el anuncio del \u201cPlan Paso a Paso\u201d, anunciado por el Presidente Sebasti\u00e1n Pi\u00f1era, la Secretaria Regional Ministerial de Gobierno, Mar\u00eda Francisca Plaza Velis, detall\u00f3 en la regi\u00f3n de Atacama esta iniciativa que se aplicar\u00e1 en forma gradual, escuchando a la comunidad y recogiendo la realidad de cada comuna y regi\u00f3n.<\/p>\n\n\n\n<p>La autoridad explic\u00f3 que el Plan considera cinco fases \u201cclaramente definidas\u201d para superar la pandemia del Covid-19 y que van desde la cuarentena hasta una apertura avanzada, por cierto \u201ccumpliendo los est\u00e1ndares sanitarios fijados\u201d.<\/p>\n\n\n\n<p>Plaza Velis argument\u00f3 que \u201ctodos y todas hemos realizado distintos esfuerzos y sacrificios durante estos meses. Ahora m\u00e1s que nunca debemos redoblar los esfuerzos y no bajar los brazos. Hay que seguir cuid\u00e1ndonos, protegi\u00e9ndonos y apoy\u00e1ndonos. Nuestro Presidente Sebasti\u00e1n Pi\u00f1era considerando; las recomendaciones de la Ciencia, la Organizaci\u00f3n Mundial de la Salud y el Consejo Asesor; anunci\u00f3 este nuevo Plan Paso a Paso y s\u00e9 que entre todos y todas vamos a sacar la tarea adelante\u201d.<\/p>\n\n\n\n<p>\u201cLa clave es la cautela, la prudencia, la responsabilidad y el criterio. El Plan Paso a Paso se aplicar\u00e1 de manera gradual y flexible, escuchando a los ciudadanos, las regiones y comunas del pa\u00eds, por cierto, de Atacama. Un punto a destacar es que seg\u00fan el cumplimiento de los criterios sanitarios, cada comuna o regi\u00f3n podr\u00e1 ir dando pasos hacia adelante en este proceso de desconfinamiento. Pero tambi\u00e9n, si las condiciones lo hacen necesario, podr\u00e1n volver a pasos anteriores\u201d, agreg\u00f3 la autoridad.<\/p>\n\n\n\n<p>El Jefe de Estado destac\u00f3 que en las \u00faltimas cinco semanas los casos diarios de contagio y el n\u00famero de enfermos activos han ido disminuyendo, con 12 regiones mostrando mejor\u00edas, lo que permite dar lugar al Plan Paso a Paso.<\/p>\n\n\n\n<p>El primer paso es la cuarentena, que considera una movilidad limitada para disminuir al m\u00ednimo la interacci\u00f3n y propagaci\u00f3n del virus. Esta fase incluye restricciones a la movilidad personal; permisos exclusivos para actividades esenciales; cumplimiento del toque de queda, de distanciamiento f\u00edsico y de aduanas y cordones sanitarios; cuarentenas obligatorias para mayores de 75 a\u00f1os; y la prohibici\u00f3n de traslado a una segunda vivienda. Esta etapa considera la suspensi\u00f3n de clases presenciales, el cierre de fronteras y la prohibici\u00f3n de eventos de m\u00e1s de 50 personas, del funcionamiento de clubes, cines, teatros, pubs, discotecas y gimnasios, as\u00ed como de la atenci\u00f3n al p\u00fablico de caf\u00e9s y restaurantes.<\/p>\n\n\n\n<p>La segunda fase es de transici\u00f3n, en la cual se disminuye el grado de confinamiento, pero se evita la apertura brusca para minimizar los riesgos de contagio. Aqu\u00ed se mantiene la cuarentena los s\u00e1bados, domingos y festivos; el cumplimiento del toque de queda y de las aduanas y cordones sanitarios; la cuarentena obligatoria para mayores de 75 a\u00f1os; y existe un desplazamiento permitido. Sin embargo, al igual que en la cuarentena, considera la suspensi\u00f3n de clases presenciales, el cierre de fronteras y la prohibici\u00f3n del funcionamiento de clubes, cines, teatros, pubs, discotecas y gimnasios, as\u00ed como de la atenci\u00f3n al p\u00fablico de caf\u00e9s y restaurantes. Se proh\u00edben, adem\u00e1s, las actividades sociales y recreativas de m\u00e1s de 10 personas.<\/p>\n\n\n\n<p>El tercer paso se denomina de preparaci\u00f3n y considera el levantamiento de la cuarentena para la poblaci\u00f3n general, con excepci\u00f3n de los grupos de riesgo. Se mantiene el cumplimiento del toque de queda, de las aduanas y cordones sanitarios y de la cuarentena obligatoria para mayores de 75 a\u00f1os. Sin embargo, se permiten actividades sociales y recreativas cualquier d\u00eda de la semana con un m\u00e1ximo de 50 personas y los desplazamientos quedan permitidos, exceptuando el horario de toque de queda. Al igual que en la fase anterior, sigue la suspensi\u00f3n de clases presenciales, salvo que sea solicitado por los alcaldes; el cierre de fronteras y la prohibici\u00f3n del funcionamiento de clubes, cines, teatros, pubs, discotecas y gimnasios, as\u00ed como de la atenci\u00f3n al p\u00fablico de caf\u00e9s y restaurantes.<\/p>\n\n\n\n<p>La cuarta fase es la apertura inicial y permite retomar ciertas actividades de menor riesgo de contagio minimizando aglomeraciones. Considera el cumplimiento del toque de queda y de aduanas y cordones sanitarios, pero permite el desplazamiento y los adultos mayores de 75 a\u00f1os pueden salir una vez al d\u00eda. Se autoriza el retorno gradual de las clases presenciales, de acuerdo a la planificaci\u00f3n del Ministerio de Educaci\u00f3n; se permite el funcionamiento de cines y teatros con un m\u00e1ximo de 25% de capacidad; y la atenci\u00f3n al p\u00fablico en restaurantes y caf\u00e9s, tambi\u00e9n con un 25% de capacidad. Sin embargo, siguen cerrados los clubes, pubs, discotecas y gimnasios. Se mantiene la prohibici\u00f3n de eventos de m\u00e1s de 50 personas.<\/p>\n\n\n\n<p>El quinto paso es la apertura avanzada, que permite aumentar la cantidad de gente en actividades permitidas en la fase anterior, siempre con las medidas de autocuidado. En esta fase ya se autoriza el traslado a segundas viviendas y la libre circulaci\u00f3n de mayores de 75 a\u00f1os. Adem\u00e1s, se autoriza el retorno gradual de las clases presenciales y se permite el funcionamiento de cines y teatros con un m\u00e1ximo de 75% de capacidad y de caf\u00e9s y restaurantes con atenci\u00f3n al p\u00fablico, tambi\u00e9n con un 75% de capacidad. Adem\u00e1s, se abren los gimnasios, pubs y discotecas con 50% de su capacidad. Se proh\u00edben eventos de m\u00e1s de 150 personas.<\/p>\n","protected":false},"excerpt":{"rendered":"<p>La vocera regional del Gobierno llam\u00f3 a redoblar los esfuerzos y a no bajar los brazos, \u201cya que estamos atravesando una pandemia de car\u00e1cter mundial\u201d.&hellip; <\/p>\n","protected":false},"author":2,"featured_media":26864,"comment_status":"open","ping_status":"closed","sticky":false,"template":"","format":"standard","meta":{"footnotes":""},"categories":[7],"tags":[],"class_list":["post-26863","post","type-post","status-publish","format-standard","has-post-thumbnail","hentry","category-atacama"],"_links":{"self":[{"href":"https:\/\/www.radioamigavallenar.cl\/index.php?rest_route=\/wp\/v2\/posts\/26863","targetHints":{"allow":["GET"]}}],"collection":[{"href":"https:\/\/www.radioamigavallenar.cl\/index.php?rest_route=\/wp\/v2\/posts"}],"about":[{"href":"https:\/\/www.radioamigavallenar.cl\/index.php?rest_route=\/wp\/v2\/types\/post"}],"author":[{"embeddable":true,"href":"https:\/\/www.radioamigavallenar.cl\/index.php?rest_route=\/wp\/v2\/users\/2"}],"replies":[{"embeddable":true,"href":"https:\/\/www.radioamigavallenar.cl\/index.php?rest_route=%2Fwp%2Fv2%2Fcomments&post=26863"}],"version-history":[{"count":0,"href":"https:\/\/www.radioamigavallenar.cl\/index.php?rest_route=\/wp\/v2\/posts\/26863\/revisions"}],"wp:featuredmedia":[{"embeddable":true,"href":"https:\/\/www.radioamigavallenar.cl\/index.php?rest_route=\/wp\/v2\/media\/26864"}],"wp:attachment":[{"href":"https:\/\/www.radioamigavallenar.cl\/index.php?rest_route=%2Fwp%2Fv2%2Fmedia&parent=26863"}],"wp:term":[{"taxonomy":"category","embeddable":true,"href":"https:\/\/www.radioamigavallenar.cl\/index.php?rest_route=%2Fwp%2Fv2%2Fcategories&post=26863"},{"taxonomy":"post_tag","embeddable":true,"href":"https:\/\/www.radioamigavallenar.cl\/index.php?rest_route=%2Fwp%2Fv2%2Ftags&post=26863"}],"curies":[{"name":"wp","href":"https:\/\/api.w.org\/{rel}","templated":true}]}}