{"id":26860,"date":"2020-07-22T07:17:21","date_gmt":"2020-07-22T11:17:21","guid":{"rendered":"https:\/\/www.radioamigavallenar.cl\/?p=26860"},"modified":"2020-07-22T07:17:22","modified_gmt":"2020-07-22T11:17:22","slug":"canil-de-la-ciudad-de-vallenar-invita-a-adoptar-una-mascota","status":"publish","type":"post","link":"https:\/\/www.radioamigavallenar.cl\/?p=26860","title":{"rendered":"Canil de la ciudad de  Vallenar invita a adoptar una mascota"},"content":{"rendered":"\n<div class=\"wp-block-image\"><figure class=\"aligncenter size-large\"><img loading=\"lazy\" decoding=\"async\" width=\"1024\" height=\"577\" src=\"https:\/\/www.radioamigavallenar.cl\/wp-content\/uploads\/2020\/07\/no-compre-adopta-1024x577.jpg\" alt=\"\" class=\"wp-image-26861\" srcset=\"https:\/\/www.radioamigavallenar.cl\/wp-content\/uploads\/2020\/07\/no-compre-adopta-1024x577.jpg 1024w, https:\/\/www.radioamigavallenar.cl\/wp-content\/uploads\/2020\/07\/no-compre-adopta-300x169.jpg 300w, https:\/\/www.radioamigavallenar.cl\/wp-content\/uploads\/2020\/07\/no-compre-adopta-768x432.jpg 768w, https:\/\/www.radioamigavallenar.cl\/wp-content\/uploads\/2020\/07\/no-compre-adopta.jpg 1238w\" sizes=\"auto, (max-width: 1024px) 100vw, 1024px\" \/><\/figure><\/div>\n\n\n\n<p><strong>Encargada del recinto aclara que frente a la pandemia no han podido realizar las peri\u00f3dicas jornadas de adopci\u00f3n que ejecutaban constantemente cada a\u00f1o.<\/strong><\/p>\n\n\n\n<p>A tan solo 4 kil\u00f3metros al norte de Vallenar, en el sector denominado \u201c\u00c1rbol de Mara\u00f1\u00f3n\u201d, se encuentra ubicado el canil municipal de la comuna, inaugurado el a\u00f1o 2010, donde actualmente se acoge a 79 perritos rescatados de la calle o que fueron retirados de domicilios donde recib\u00edan maltrato por parte de sus amos.<\/p>\n\n\n\n<p>Una de las preocupaciones del alcalde Cristian Tapia Ramos, desde los primeros d\u00edas de su mandato, fue hacerse cargo precisamente de la protecci\u00f3n canina por razones sanitarias y de seguridad de los vecinos ante posibles ataques de estos animalitos callejeros.<\/p>\n\n\n\n<p>Este recinto est\u00e1 a cargo de la m\u00e9dico veterinaria Bernardita Aguilar, quien inform\u00f3 que estos \u201cmejores amigos del hombre\u201d pueden ser adoptados por vecinos que les aseguren un hogar y el cuidado necesario, para lo cual solo deben concurrir al canil y proceder a elegir a su mascota. \u201cNosotros igual hacemos entre 30 y 40 jornadas de adopci\u00f3n durante el a\u00f1o, con puros perritos de este canil; pero, lamentablemente, con el tema de la pandemia, no hemos podido hacerlas durante este a\u00f1o, por eso invitamos a las personas que quieran adoptar a alguno de estos animalitos, vengan a visitarnos; nosotros se los entregamos esterilizados, con microchip y con atenci\u00f3n veterinaria gratuita de por vida\u201d.<\/p>\n\n\n\n<p>Importante es destacar que para evitar el estr\u00e9s de estos animalitos que pasan gran parte del d\u00eda en sus respectivas jaulas, para evitar peleas, agresiones entre ellos mismos y posibles ataques a alguna visita, todos los d\u00edas son sacados a dar un paseo por el entorno del canil, vigilados por los serenos que van rotando en turno cada jaula.<\/p>\n\n\n\n<p>El canil se encuentra abierto para visitas de lunes a domingo, entre las 9 a 18 horas, permaneciendo al cuidado de dos serenos que trabajan en turnos de siete por siete. \u201cCuando alguien quiere llevarse un perrito firma un compromiso de adopci\u00f3n y lo retira\u201d, indic\u00f3 la citada profesional, al tiempo de precisar que este centro de acogida canina es ciento por ciento financiado por la Municipalidad de Vallenar.<\/p>\n\n\n\n<p>Adoptar perros adultos encierra muchos beneficios para los amos de casa, pues, ayuda en la integraci\u00f3n social, reduce los momentos de soledad e incentiva la proyecci\u00f3n de sentimientos positivos; adem\u00e1s, como ya han madurado, saben c\u00f3mo comportarse y les cuesta menos adaptarse a su nueva familia. Y lo m\u00e1s importante, ser\u00e1 el perro m\u00e1s agradecido y fiel que podr\u00e1s conocer.<\/p>\n","protected":false},"excerpt":{"rendered":"<p>Encargada del recinto aclara que frente a la pandemia no han podido realizar las peri\u00f3dicas jornadas de adopci\u00f3n que ejecutaban constantemente cada a\u00f1o. A tan&hellip; <\/p>\n","protected":false},"author":2,"featured_media":26861,"comment_status":"open","ping_status":"closed","sticky":false,"template":"","format":"standard","meta":{"footnotes":""},"categories":[1,2],"tags":[],"class_list":["post-26860","post","type-post","status-publish","format-standard","has-post-thumbnail","hentry","category-provincia-del-huasco-2","category-vallenar"],"_links":{"self":[{"href":"https:\/\/www.radioamigavallenar.cl\/index.php?rest_route=\/wp\/v2\/posts\/26860","targetHints":{"allow":["GET"]}}],"collection":[{"href":"https:\/\/www.radioamigavallenar.cl\/index.php?rest_route=\/wp\/v2\/posts"}],"about":[{"href":"https:\/\/www.radioamigavallenar.cl\/index.php?rest_route=\/wp\/v2\/types\/post"}],"author":[{"embeddable":true,"href":"https:\/\/www.radioamigavallenar.cl\/index.php?rest_route=\/wp\/v2\/users\/2"}],"replies":[{"embeddable":true,"href":"https:\/\/www.radioamigavallenar.cl\/index.php?rest_route=%2Fwp%2Fv2%2Fcomments&post=26860"}],"version-history":[{"count":0,"href":"https:\/\/www.radioamigavallenar.cl\/index.php?rest_route=\/wp\/v2\/posts\/26860\/revisions"}],"wp:featuredmedia":[{"embeddable":true,"href":"https:\/\/www.radioamigavallenar.cl\/index.php?rest_route=\/wp\/v2\/media\/26861"}],"wp:attachment":[{"href":"https:\/\/www.radioamigavallenar.cl\/index.php?rest_route=%2Fwp%2Fv2%2Fmedia&parent=26860"}],"wp:term":[{"taxonomy":"category","embeddable":true,"href":"https:\/\/www.radioamigavallenar.cl\/index.php?rest_route=%2Fwp%2Fv2%2Fcategories&post=26860"},{"taxonomy":"post_tag","embeddable":true,"href":"https:\/\/www.radioamigavallenar.cl\/index.php?rest_route=%2Fwp%2Fv2%2Ftags&post=26860"}],"curies":[{"name":"wp","href":"https:\/\/api.w.org\/{rel}","templated":true}]}}