{"id":26857,"date":"2020-07-22T07:12:52","date_gmt":"2020-07-22T11:12:52","guid":{"rendered":"https:\/\/www.radioamigavallenar.cl\/?p=26857"},"modified":"2020-07-22T07:12:54","modified_gmt":"2020-07-22T11:12:54","slug":"fiscalia-mantiene-disponible-plataforma-virtual-para-recibir-denuncias-de-la-comunidad","status":"publish","type":"post","link":"https:\/\/www.radioamigavallenar.cl\/?p=26857","title":{"rendered":"Fiscal\u00eda mantiene disponible plataforma virtual para recibir denuncias de la comunidad"},"content":{"rendered":"\n<div class=\"wp-block-image\"><figure class=\"aligncenter size-large\"><img loading=\"lazy\" decoding=\"async\" width=\"1024\" height=\"683\" src=\"https:\/\/www.radioamigavallenar.cl\/wp-content\/uploads\/2020\/07\/IMG_2745-1024x683.jpg\" alt=\"\" class=\"wp-image-26858\" srcset=\"https:\/\/www.radioamigavallenar.cl\/wp-content\/uploads\/2020\/07\/IMG_2745-1024x683.jpg 1024w, https:\/\/www.radioamigavallenar.cl\/wp-content\/uploads\/2020\/07\/IMG_2745-300x200.jpg 300w, https:\/\/www.radioamigavallenar.cl\/wp-content\/uploads\/2020\/07\/IMG_2745-768x512.jpg 768w, https:\/\/www.radioamigavallenar.cl\/wp-content\/uploads\/2020\/07\/IMG_2745-1536x1024.jpg 1536w, https:\/\/www.radioamigavallenar.cl\/wp-content\/uploads\/2020\/07\/IMG_2745.jpg 1920w\" sizes=\"auto, (max-width: 1024px) 100vw, 1024px\" \/><\/figure><\/div>\n\n\n\n<p><strong>Antecedentes se manejan de forma absolutamente reservada para comenzar con el proceso habitual en las Fiscal\u00edas Locales de la regi\u00f3n.<\/strong><\/p>\n\n\n\n<p>La Fiscal\u00eda de Atacama mantiene disponible su plataforma virtual para que la comunidad de Atacama pueda, de forma segura y reservada, hacer las denuncias de hechos constitutivos de delitos de los cuales sean v\u00edctimas.<\/p>\n\n\n\n<p>Frente a la actual situaci\u00f3n sanitaria del pa\u00eds y la regi\u00f3n, el Ministerio P\u00fablico permanece con la atenci\u00f3n presencial suspendida para evitar posibles acciones de riesgo de contagio entre los usuarios de la Fiscal\u00eda. Para lo cual habilit\u00f3 una plataforma web en que la ciudadan\u00eda puede hacer sus denuncias.<\/p>\n\n\n\n<p>\u201cEl objetivo de esta herramienta es que las personas no se expongan y puedan hacer llegar la informaci\u00f3n v\u00eda correo electr\u00f3nico, antecedentes que se mantienen bajo absoluta reserva y una vez recepcionados son derivados a la Fiscal\u00eda Local respectiva de acuerdo al lugar en que se cometi\u00f3 el delito\u201d, indic\u00f3 la vocera de la Fiscal\u00eda Regional, Rebeca Varas.<\/p>\n\n\n\n<p>Respecto de ello, Varas agreg\u00f3 que aquellas personas que quieran denunciar alg\u00fan hecho pueden ingresar a la p\u00e1gina web www.fiscaliadechile.cl, plataforma donde podr\u00e1n encontrar el formulario que deben completar con el relato del il\u00edcito denunciado, adem\u00e1s de informar sus datos personales y forma de contacto. Ese documento debe luego ser enviado al correo electr\u00f3nico denuncias.atacama@minpublico.cl<\/p>\n\n\n\n<p>De igual manera, Rebeca Varas se\u00f1al\u00f3 que junto con esta forma de denunciar, existe tambi\u00e9n la posibilidad de hacerlo a trav\u00e9s de ambas polic\u00edas en sus respectivos cuarteles institucionales.<\/p>\n","protected":false},"excerpt":{"rendered":"<p>Antecedentes se manejan de forma absolutamente reservada para comenzar con el proceso habitual en las Fiscal\u00edas Locales de la regi\u00f3n. La Fiscal\u00eda de Atacama mantiene&hellip; <\/p>\n","protected":false},"author":2,"featured_media":26858,"comment_status":"open","ping_status":"closed","sticky":false,"template":"","format":"standard","meta":{"footnotes":""},"categories":[7],"tags":[],"class_list":["post-26857","post","type-post","status-publish","format-standard","has-post-thumbnail","hentry","category-atacama"],"_links":{"self":[{"href":"https:\/\/www.radioamigavallenar.cl\/index.php?rest_route=\/wp\/v2\/posts\/26857","targetHints":{"allow":["GET"]}}],"collection":[{"href":"https:\/\/www.radioamigavallenar.cl\/index.php?rest_route=\/wp\/v2\/posts"}],"about":[{"href":"https:\/\/www.radioamigavallenar.cl\/index.php?rest_route=\/wp\/v2\/types\/post"}],"author":[{"embeddable":true,"href":"https:\/\/www.radioamigavallenar.cl\/index.php?rest_route=\/wp\/v2\/users\/2"}],"replies":[{"embeddable":true,"href":"https:\/\/www.radioamigavallenar.cl\/index.php?rest_route=%2Fwp%2Fv2%2Fcomments&post=26857"}],"version-history":[{"count":0,"href":"https:\/\/www.radioamigavallenar.cl\/index.php?rest_route=\/wp\/v2\/posts\/26857\/revisions"}],"wp:featuredmedia":[{"embeddable":true,"href":"https:\/\/www.radioamigavallenar.cl\/index.php?rest_route=\/wp\/v2\/media\/26858"}],"wp:attachment":[{"href":"https:\/\/www.radioamigavallenar.cl\/index.php?rest_route=%2Fwp%2Fv2%2Fmedia&parent=26857"}],"wp:term":[{"taxonomy":"category","embeddable":true,"href":"https:\/\/www.radioamigavallenar.cl\/index.php?rest_route=%2Fwp%2Fv2%2Fcategories&post=26857"},{"taxonomy":"post_tag","embeddable":true,"href":"https:\/\/www.radioamigavallenar.cl\/index.php?rest_route=%2Fwp%2Fv2%2Ftags&post=26857"}],"curies":[{"name":"wp","href":"https:\/\/api.w.org\/{rel}","templated":true}]}}