{"id":26854,"date":"2020-07-22T07:10:50","date_gmt":"2020-07-22T11:10:50","guid":{"rendered":"https:\/\/www.radioamigavallenar.cl\/?p=26854"},"modified":"2020-07-22T07:10:51","modified_gmt":"2020-07-22T11:10:51","slug":"carabineros-de-atacama-envia-177-armas-para-su-destruccion","status":"publish","type":"post","link":"https:\/\/www.radioamigavallenar.cl\/?p=26854","title":{"rendered":"Carabineros de Atacama env\u00eda 177 armas para su destrucci\u00f3n"},"content":{"rendered":"\n<div class=\"wp-block-image\"><figure class=\"aligncenter size-large\"><img loading=\"lazy\" decoding=\"async\" width=\"1024\" height=\"768\" src=\"https:\/\/www.radioamigavallenar.cl\/wp-content\/uploads\/2020\/07\/PHOTO-2020-07-20-11-41-02-1-1024x768.jpg\" alt=\"\" class=\"wp-image-26855\" srcset=\"https:\/\/www.radioamigavallenar.cl\/wp-content\/uploads\/2020\/07\/PHOTO-2020-07-20-11-41-02-1-1024x768.jpg 1024w, https:\/\/www.radioamigavallenar.cl\/wp-content\/uploads\/2020\/07\/PHOTO-2020-07-20-11-41-02-1-300x225.jpg 300w, https:\/\/www.radioamigavallenar.cl\/wp-content\/uploads\/2020\/07\/PHOTO-2020-07-20-11-41-02-1-768x576.jpg 768w, https:\/\/www.radioamigavallenar.cl\/wp-content\/uploads\/2020\/07\/PHOTO-2020-07-20-11-41-02-1.jpg 1280w\" sizes=\"auto, (max-width: 1024px) 100vw, 1024px\" \/><\/figure><\/div>\n\n\n\n<p><strong>De este armamento 96 fueron recuperados en procedimientos policiales y 81 por entrega voluntaria.<\/strong><\/p>\n\n\n\n<p>Un total de 177 armas fueron&nbsp;&nbsp;retiradas de circulaci\u00f3n en la regi\u00f3n Atacama, con el prop\u00f3sito de trasladar dicho armamento a&nbsp;los arsenales de guerra para su respectiva destrucci\u00f3n.<\/p>\n\n\n\n<p>El retiro de este armamento estuvo a cargo de personal de la Prefectura de Armas y Explosivos de Carabineros de Chile, quien visit\u00f3 la III Zona de Atacama en el marco del trabajo permanente que desarrollan en el \u00e1mbito de su especialidad y tambi\u00e9n para incentivar la entrega voluntaria de armas por parte de la ciudadan\u00eda.<\/p>\n\n\n\n<p>De las 177 armas retiradas, 96 de ellas fueron recuperadas en procedimientos policiales y 81 armas corresponde a entrega voluntaria. La totalidad de estas armas&nbsp;entre ellas escopetas, rifles, rev\u00f3lveres y pistolas y, otras armas hechizas, fueron enviadas a Santiago para su inutilizaci\u00f3n o destrucci\u00f3n, se\u00f1al\u00f3 la Mayor Jacqueline Jorquera Escobar de la Prefectura de Armas y Explosivos de Carabineros, quien adem\u00e1s&nbsp;destac\u00f3 el compromiso y responsabilidad de los ciudadanos de la provincia de Copiap\u00f3, quienes hicieron entrega voluntaria de 70 armas de fuego en las respectivas unidades de Carabineros.<\/p>\n\n\n\n<p>Tambi\u00e9n&nbsp;record\u00f3 que la entrega de armas puede ser manera an\u00f3nima a Carabineros, sin la necesidad de dar nombre o presentar la c\u00e9dula de identidad y tampoco tiene ning\u00fan tipo de sanci\u00f3n o consecuencia. Con ello, evitar\u00e1s incurrir en los delitos relacionados con la Ley de Control de Armas.<\/p>\n\n\n\n<p>Desde la Autoridad Fiscalizadora de Carabineros OS-11, tambi\u00e9n reiteraron el llamado a la ciudadan\u00eda a entregar de forma voluntaria aquellas armas que permanecen en domicilios de particulares, y de esta forma, evitar&nbsp;&nbsp;que caigan en manos de personas inexpertas, inescrupulosas o delincuentes, con el consabido peligro que puede causar su mala utilizaci\u00f3n.<\/p>\n","protected":false},"excerpt":{"rendered":"<p>De este armamento 96 fueron recuperados en procedimientos policiales y 81 por entrega voluntaria. Un total de 177 armas fueron&nbsp;&nbsp;retiradas de circulaci\u00f3n en la regi\u00f3n&hellip; <\/p>\n","protected":false},"author":2,"featured_media":26855,"comment_status":"open","ping_status":"closed","sticky":false,"template":"","format":"standard","meta":{"footnotes":""},"categories":[7,6],"tags":[],"class_list":["post-26854","post","type-post","status-publish","format-standard","has-post-thumbnail","hentry","category-atacama","category-policial"],"_links":{"self":[{"href":"https:\/\/www.radioamigavallenar.cl\/index.php?rest_route=\/wp\/v2\/posts\/26854","targetHints":{"allow":["GET"]}}],"collection":[{"href":"https:\/\/www.radioamigavallenar.cl\/index.php?rest_route=\/wp\/v2\/posts"}],"about":[{"href":"https:\/\/www.radioamigavallenar.cl\/index.php?rest_route=\/wp\/v2\/types\/post"}],"author":[{"embeddable":true,"href":"https:\/\/www.radioamigavallenar.cl\/index.php?rest_route=\/wp\/v2\/users\/2"}],"replies":[{"embeddable":true,"href":"https:\/\/www.radioamigavallenar.cl\/index.php?rest_route=%2Fwp%2Fv2%2Fcomments&post=26854"}],"version-history":[{"count":0,"href":"https:\/\/www.radioamigavallenar.cl\/index.php?rest_route=\/wp\/v2\/posts\/26854\/revisions"}],"wp:featuredmedia":[{"embeddable":true,"href":"https:\/\/www.radioamigavallenar.cl\/index.php?rest_route=\/wp\/v2\/media\/26855"}],"wp:attachment":[{"href":"https:\/\/www.radioamigavallenar.cl\/index.php?rest_route=%2Fwp%2Fv2%2Fmedia&parent=26854"}],"wp:term":[{"taxonomy":"category","embeddable":true,"href":"https:\/\/www.radioamigavallenar.cl\/index.php?rest_route=%2Fwp%2Fv2%2Fcategories&post=26854"},{"taxonomy":"post_tag","embeddable":true,"href":"https:\/\/www.radioamigavallenar.cl\/index.php?rest_route=%2Fwp%2Fv2%2Ftags&post=26854"}],"curies":[{"name":"wp","href":"https:\/\/api.w.org\/{rel}","templated":true}]}}