{"id":26851,"date":"2020-07-22T07:09:43","date_gmt":"2020-07-22T11:09:43","guid":{"rendered":"https:\/\/www.radioamigavallenar.cl\/?p=26851"},"modified":"2020-07-22T07:09:45","modified_gmt":"2020-07-22T11:09:45","slug":"ministro-prokurica-la-mineria-4-0-aportara-herramientas-para-la-nueva-forma-de-operar-tras-la-pandemia","status":"publish","type":"post","link":"https:\/\/www.radioamigavallenar.cl\/?p=26851","title":{"rendered":"Ministro Prokurica: La Miner\u00eda 4.0 aportar\u00e1 herramientas para la nueva forma de operar tras la pandemia"},"content":{"rendered":"\n<div class=\"wp-block-image\"><figure class=\"aligncenter size-large\"><img loading=\"lazy\" decoding=\"async\" width=\"900\" height=\"600\" src=\"https:\/\/www.radioamigavallenar.cl\/wp-content\/uploads\/2020\/07\/Mineria.jpg\" alt=\"\" class=\"wp-image-26852\" srcset=\"https:\/\/www.radioamigavallenar.cl\/wp-content\/uploads\/2020\/07\/Mineria.jpg 900w, https:\/\/www.radioamigavallenar.cl\/wp-content\/uploads\/2020\/07\/Mineria-300x200.jpg 300w, https:\/\/www.radioamigavallenar.cl\/wp-content\/uploads\/2020\/07\/Mineria-768x512.jpg 768w\" sizes=\"auto, (max-width: 900px) 100vw, 900px\" \/><\/figure><\/div>\n\n\n\n<p>El secretario de Estado se\u00f1al\u00f3 que la automatizaci\u00f3n y digitalizaci\u00f3n de la industria permite a los trabajadores desempe\u00f1ar sus funciones de manera segura y en favorables condiciones de trabajo<em><\/em><\/p>\n\n\n\n<p>\u201cLa robotizaci\u00f3n, automatizaci\u00f3n y el uso el Big Data en los procesos mineros, son una realidad que ya golpea nuestras puertas\u201d. Con estas palabras el ministro de Miner\u00eda, Baldo Prokurica, inici\u00f3 la conferencia online de digitalizaci\u00f3n minera \u201cSiemens Minerals Week\u201d, instancia en la que abord\u00f3 el impacto que tendr\u00e1 la pandemia de Covid-19 en la forma de operar en faenas.<\/p>\n\n\n\n<p>El secretario de Estado se\u00f1al\u00f3 que \u201cesta emergencia generar\u00e1 aprendizajes y nuevos est\u00e1ndares para la industria en sus procesos y formas de operar que sin duda la har\u00e1n una actividad m\u00e1s fuerte para enfrentar nuevos desaf\u00edos. En este escenario, la miner\u00eda 4.0 nos aportar\u00e1 herramientas fundamentales que nos ayudar\u00e1 a enfrentar los retos de estas nuevas formas de funcionar y aquellos relacionados a las mejoras en productividad y sustentabilidad\u201d.<\/p>\n\n\n\n<p>En esa l\u00ednea, Prokurica agreg\u00f3 que \u201cen t\u00e9rminos de seguridad, la automatizaci\u00f3n y digitalizaci\u00f3n de la industria minera entrega la posibilidad de que los trabajadores se puedan desempe\u00f1ar de manera segura y en favorables condiciones de trabajo\u201d.<\/p>\n\n\n\n<p>Por su parte, Diego Hern\u00e1ndez, presidente de Sonami, sostuvo que \u201cen un mundo que est\u00e1 cambiando a una mayor velocidad, la incorporaci\u00f3n de nuevas tecnolog\u00edas se hace imprescindible, especialmente, en el sector minero. En estos tiempos, no es suficiente con tener grandes reservas minerales para mantener el liderazgo y la competitividad en el mercado minero internacional. Requerimos tambi\u00e9n mejorar en productividad, costos y continuidad operacional, aspectos en los cuales, las herramientas digitales han pasado a cumplir un rol estrat\u00e9gico\u201d.<\/p>\n\n\n\n<p>Miguel de la Ossa, CEO de Minerals para Per\u00fa y Chile en Siemens, explic\u00f3 que \u201cla industria minera tiene grandes retos, pero a la vez hay una cantidad de tecnolog\u00edas exponenciales que permiten de forma m\u00e1s econom\u00eda, r\u00e1pida y de manera exponencial, ir solucionando problemas. Si hablamos de la miner\u00eda digital como ese mecanismo de solucionar viejos problemas, con base en tecnolog\u00edas nuevas, unimos dos mundos, en donde Chile tiene una base instalada de compa\u00f1\u00edas de punta y, por otro lado, est\u00e1n las tecnolog\u00edas disponibles para que unamos ese conocimiento y solucionarlos de manera m\u00e1s r\u00e1pida\u201d.<\/p>\n\n\n\n<p>En ese sentido, De la Ossa puntualiz\u00f3 que el objetivo de este \u201cSiemens Minerals Week\u201d busca destacar los conceptos de colaboraci\u00f3n y co-creaci\u00f3n, entre academia, industria y sector p\u00fabico y gremial.<\/p>\n","protected":false},"excerpt":{"rendered":"<p>El secretario de Estado se\u00f1al\u00f3 que la automatizaci\u00f3n y digitalizaci\u00f3n de la industria permite a los trabajadores desempe\u00f1ar sus funciones de manera segura y en&hellip; <\/p>\n","protected":false},"author":2,"featured_media":26852,"comment_status":"open","ping_status":"closed","sticky":false,"template":"","format":"standard","meta":{"footnotes":""},"categories":[7,34],"tags":[],"class_list":["post-26851","post","type-post","status-publish","format-standard","has-post-thumbnail","hentry","category-atacama","category-mineria"],"_links":{"self":[{"href":"https:\/\/www.radioamigavallenar.cl\/index.php?rest_route=\/wp\/v2\/posts\/26851","targetHints":{"allow":["GET"]}}],"collection":[{"href":"https:\/\/www.radioamigavallenar.cl\/index.php?rest_route=\/wp\/v2\/posts"}],"about":[{"href":"https:\/\/www.radioamigavallenar.cl\/index.php?rest_route=\/wp\/v2\/types\/post"}],"author":[{"embeddable":true,"href":"https:\/\/www.radioamigavallenar.cl\/index.php?rest_route=\/wp\/v2\/users\/2"}],"replies":[{"embeddable":true,"href":"https:\/\/www.radioamigavallenar.cl\/index.php?rest_route=%2Fwp%2Fv2%2Fcomments&post=26851"}],"version-history":[{"count":0,"href":"https:\/\/www.radioamigavallenar.cl\/index.php?rest_route=\/wp\/v2\/posts\/26851\/revisions"}],"wp:featuredmedia":[{"embeddable":true,"href":"https:\/\/www.radioamigavallenar.cl\/index.php?rest_route=\/wp\/v2\/media\/26852"}],"wp:attachment":[{"href":"https:\/\/www.radioamigavallenar.cl\/index.php?rest_route=%2Fwp%2Fv2%2Fmedia&parent=26851"}],"wp:term":[{"taxonomy":"category","embeddable":true,"href":"https:\/\/www.radioamigavallenar.cl\/index.php?rest_route=%2Fwp%2Fv2%2Fcategories&post=26851"},{"taxonomy":"post_tag","embeddable":true,"href":"https:\/\/www.radioamigavallenar.cl\/index.php?rest_route=%2Fwp%2Fv2%2Ftags&post=26851"}],"curies":[{"name":"wp","href":"https:\/\/api.w.org\/{rel}","templated":true}]}}