{"id":26825,"date":"2020-07-21T11:39:21","date_gmt":"2020-07-21T15:39:21","guid":{"rendered":"https:\/\/www.radioamigavallenar.cl\/?p=26825"},"modified":"2020-07-21T11:39:22","modified_gmt":"2020-07-21T15:39:22","slug":"cmp-lanza-plataforma-que-facilita-interaccion-comercial-en-huasco","status":"publish","type":"post","link":"https:\/\/www.radioamigavallenar.cl\/?p=26825","title":{"rendered":"CMP lanza plataforma que facilita interacci\u00f3n comercial en Huasco"},"content":{"rendered":"\n<div class=\"wp-block-image\"><figure class=\"aligncenter size-large\"><img loading=\"lazy\" decoding=\"async\" width=\"1024\" height=\"676\" src=\"https:\/\/www.radioamigavallenar.cl\/wp-content\/uploads\/2020\/07\/CMP-Contigo-1024x676.jpg\" alt=\"\" class=\"wp-image-26826\" srcset=\"https:\/\/www.radioamigavallenar.cl\/wp-content\/uploads\/2020\/07\/CMP-Contigo-1024x676.jpg 1024w, https:\/\/www.radioamigavallenar.cl\/wp-content\/uploads\/2020\/07\/CMP-Contigo-300x198.jpg 300w, https:\/\/www.radioamigavallenar.cl\/wp-content\/uploads\/2020\/07\/CMP-Contigo-768x507.jpg 768w, https:\/\/www.radioamigavallenar.cl\/wp-content\/uploads\/2020\/07\/CMP-Contigo.jpg 1026w\" sizes=\"auto, (max-width: 1024px) 100vw, 1024px\" \/><\/figure><\/div>\n\n\n\n<ul class=\"wp-block-list\"><li><strong>Adem\u00e1s de resguardar la salud de los vecinos, la iniciativa considera reactivar la econom\u00eda en ciertos sectores.<\/strong><\/li><\/ul>\n\n\n\n<p>Este lunes 20 de julio, Compa\u00f1\u00eda Minera del Pacifico lanz\u00f3 una nueva iniciativa en Huasco. Se trata de CMP Contigo, plataforma web que permite comprar productos v\u00eda remota.<\/p>\n\n\n\n<p>El proyecto surgi\u00f3 en el marco de la emergencia sanitaria, como una alternativa para que las personas no salgan de sus casas, previniendo de esta forma el riesgo de contagio por covid-19. &nbsp;<\/p>\n\n\n\n<p>CMP Contigo considera dos aspectos, la plataforma donde se encuentran los principales datos de proveedores locales, dedicados a diversos rubros; y en el caso de que el vendedor no cuente con el servicio de despacho a domicilio, el comprador puede ubicar y contratar un m\u00f3vil para que efect\u00fae la entrega.<\/p>\n\n\n\n<p>Para usar esta innovadora propuesta, los interesados deben acceder al bot\u00f3n inserto en la p\u00e1gina web de la compa\u00f1\u00eda (<a href=\"http:\/\/www.cmp.cl\">www.cmp.cl<\/a>) y seguir los cinco sencillos pasos dispuestos en la plataforma, que b\u00e1sicamente consisten en ubicar el local, llamar para realizar el pedido y acordar la modalidad de pago y, de ser aplicable, requerir el servicio de un conductor.<\/p>\n\n\n\n<p>La iniciativa se desarrollar\u00e1 en primera instancia en Huasco, para posteriormente escalar a Freirina y Vallenar. En este sentido, CMP invita a proveedores y conductores de las mencionadas comunas, que quieran ser parte, a ingresar a la plataforma y rellenar los datos correspondientes.<\/p>\n\n\n\n<p>Al respecto, el l\u00edder de la iniciativa y jefe de Materiales en Compa\u00f1\u00eda Minera del Pac\u00edfico, Mart\u00edn Vidal, indic\u00f3 que \u201cestamos seguros que esta soluci\u00f3n ser\u00e1 un gran aporte para la comunidad de Huasco, sobre todo si consideramos la pandemia, que nos ha llevado a evitar salir de nuestros hogares\u201d. Cabe destacar que adem\u00e1s de buscar resguardar la salud de los habitantes de la comuna puerto, el proyecto considera reactivar la econom\u00eda en ciertos sectores, especialmente aquellos donde se desarrollan peque\u00f1os proveedores.<\/p>\n","protected":false},"excerpt":{"rendered":"<p>Adem\u00e1s de resguardar la salud de los vecinos, la iniciativa considera reactivar la econom\u00eda en ciertos sectores. Este lunes 20 de julio, Compa\u00f1\u00eda Minera del&hellip; <\/p>\n","protected":false},"author":2,"featured_media":26826,"comment_status":"open","ping_status":"closed","sticky":false,"template":"","format":"standard","meta":{"footnotes":""},"categories":[4,34,1,2],"tags":[],"class_list":["post-26825","post","type-post","status-publish","format-standard","has-post-thumbnail","hentry","category-huasco","category-mineria","category-provincia-del-huasco-2","category-vallenar"],"_links":{"self":[{"href":"https:\/\/www.radioamigavallenar.cl\/index.php?rest_route=\/wp\/v2\/posts\/26825","targetHints":{"allow":["GET"]}}],"collection":[{"href":"https:\/\/www.radioamigavallenar.cl\/index.php?rest_route=\/wp\/v2\/posts"}],"about":[{"href":"https:\/\/www.radioamigavallenar.cl\/index.php?rest_route=\/wp\/v2\/types\/post"}],"author":[{"embeddable":true,"href":"https:\/\/www.radioamigavallenar.cl\/index.php?rest_route=\/wp\/v2\/users\/2"}],"replies":[{"embeddable":true,"href":"https:\/\/www.radioamigavallenar.cl\/index.php?rest_route=%2Fwp%2Fv2%2Fcomments&post=26825"}],"version-history":[{"count":0,"href":"https:\/\/www.radioamigavallenar.cl\/index.php?rest_route=\/wp\/v2\/posts\/26825\/revisions"}],"wp:featuredmedia":[{"embeddable":true,"href":"https:\/\/www.radioamigavallenar.cl\/index.php?rest_route=\/wp\/v2\/media\/26826"}],"wp:attachment":[{"href":"https:\/\/www.radioamigavallenar.cl\/index.php?rest_route=%2Fwp%2Fv2%2Fmedia&parent=26825"}],"wp:term":[{"taxonomy":"category","embeddable":true,"href":"https:\/\/www.radioamigavallenar.cl\/index.php?rest_route=%2Fwp%2Fv2%2Fcategories&post=26825"},{"taxonomy":"post_tag","embeddable":true,"href":"https:\/\/www.radioamigavallenar.cl\/index.php?rest_route=%2Fwp%2Fv2%2Ftags&post=26825"}],"curies":[{"name":"wp","href":"https:\/\/api.w.org\/{rel}","templated":true}]}}