{"id":26818,"date":"2020-07-21T07:24:15","date_gmt":"2020-07-21T11:24:15","guid":{"rendered":"https:\/\/www.radioamigavallenar.cl\/?p=26818"},"modified":"2020-07-21T07:24:16","modified_gmt":"2020-07-21T11:24:16","slug":"club-atletico-vicente-potrerillos-salinas-de-vallenar-recibe-recursos-del-mindep-ind-para-sus-proyectos-deportivos","status":"publish","type":"post","link":"https:\/\/www.radioamigavallenar.cl\/?p=26818","title":{"rendered":"Club Atl\u00e9tico Vicente Potrerillos Salinas de Vallenar recibe recursos del MINDEP-IND para sus proyectos deportivos"},"content":{"rendered":"\n<div class=\"wp-block-image\"><figure class=\"aligncenter size-large\"><img loading=\"lazy\" decoding=\"async\" width=\"695\" height=\"445\" src=\"https:\/\/www.radioamigavallenar.cl\/wp-content\/uploads\/2020\/07\/recursos-695x445-1.jpg\" alt=\"\" class=\"wp-image-26819\" srcset=\"https:\/\/www.radioamigavallenar.cl\/wp-content\/uploads\/2020\/07\/recursos-695x445-1.jpg 695w, https:\/\/www.radioamigavallenar.cl\/wp-content\/uploads\/2020\/07\/recursos-695x445-1-300x192.jpg 300w\" sizes=\"auto, (max-width: 695px) 100vw, 695px\" \/><\/figure><\/div>\n\n\n\n<p>Este fin de semana el Seremi del Deporte Guillermo Procuriza, se reuni\u00f3 con la directiva del Club Atl\u00e9tico Vicente Potrerillos Salinas de Vallenar, encabezada por su presidente Natalicio Barraza, para hacer entrega de los recursos del Concurso Fondeporte por $4 millones setecientos 24 mil pesos, que les permitir\u00e1 ejecutar 2 proyectos deportivos que beneficiar\u00e1n a la comunidad.<\/p>\n\n\n\n<p>La primera iniciativa consiste en el proyecto competitivo \u201cRanking Atl\u00e9tico Vallenar Corre\u201d, enfocado a realizar una serie de competencias pedestres para las categor\u00edas infantiles, juveniles, adultos y master que se espera beneficien a unas 200 personas. Igualmente, el Mindep-IND financiar\u00e1 el proyecto \u201cVive Mejor en Movimiento\u201d que implementar\u00e1 talleres recreativos y de acondicionamiento f\u00edsico, enfocados a j\u00f3venes y adultos.<\/p>\n\n\n\n<p>El Secretario Regional Ministerial felicit\u00f3 al club por postular sus iniciativas al Concurso Fondeporte y dese\u00f3 el mejor de los \u00e9xitos en el desarrollo de estas iniciativas que van en la l\u00ednea de la masificaci\u00f3n deportiva de la Pol\u00edtica Nacional y Regional de Actividad F\u00edsica y Deporte del Mindep.<\/p>\n","protected":false},"excerpt":{"rendered":"<p>Este fin de semana el Seremi del Deporte Guillermo Procuriza, se reuni\u00f3 con la directiva del Club Atl\u00e9tico Vicente Potrerillos Salinas de Vallenar, encabezada por&hellip; <\/p>\n","protected":false},"author":2,"featured_media":26819,"comment_status":"open","ping_status":"closed","sticky":false,"template":"","format":"standard","meta":{"footnotes":""},"categories":[7,8,1],"tags":[],"class_list":["post-26818","post","type-post","status-publish","format-standard","has-post-thumbnail","hentry","category-atacama","category-deportes","category-provincia-del-huasco-2"],"_links":{"self":[{"href":"https:\/\/www.radioamigavallenar.cl\/index.php?rest_route=\/wp\/v2\/posts\/26818","targetHints":{"allow":["GET"]}}],"collection":[{"href":"https:\/\/www.radioamigavallenar.cl\/index.php?rest_route=\/wp\/v2\/posts"}],"about":[{"href":"https:\/\/www.radioamigavallenar.cl\/index.php?rest_route=\/wp\/v2\/types\/post"}],"author":[{"embeddable":true,"href":"https:\/\/www.radioamigavallenar.cl\/index.php?rest_route=\/wp\/v2\/users\/2"}],"replies":[{"embeddable":true,"href":"https:\/\/www.radioamigavallenar.cl\/index.php?rest_route=%2Fwp%2Fv2%2Fcomments&post=26818"}],"version-history":[{"count":0,"href":"https:\/\/www.radioamigavallenar.cl\/index.php?rest_route=\/wp\/v2\/posts\/26818\/revisions"}],"wp:featuredmedia":[{"embeddable":true,"href":"https:\/\/www.radioamigavallenar.cl\/index.php?rest_route=\/wp\/v2\/media\/26819"}],"wp:attachment":[{"href":"https:\/\/www.radioamigavallenar.cl\/index.php?rest_route=%2Fwp%2Fv2%2Fmedia&parent=26818"}],"wp:term":[{"taxonomy":"category","embeddable":true,"href":"https:\/\/www.radioamigavallenar.cl\/index.php?rest_route=%2Fwp%2Fv2%2Fcategories&post=26818"},{"taxonomy":"post_tag","embeddable":true,"href":"https:\/\/www.radioamigavallenar.cl\/index.php?rest_route=%2Fwp%2Fv2%2Ftags&post=26818"}],"curies":[{"name":"wp","href":"https:\/\/api.w.org\/{rel}","templated":true}]}}