{"id":26815,"date":"2020-07-21T07:20:58","date_gmt":"2020-07-21T11:20:58","guid":{"rendered":"https:\/\/www.radioamigavallenar.cl\/?p=26815"},"modified":"2020-07-21T07:20:59","modified_gmt":"2020-07-21T11:20:59","slug":"ministro-ward-anuncia-que-60-mil-cupos-del-llamado-especial-al-subsidio-de-arriendo-seran-destinados-a-regiones","status":"publish","type":"post","link":"https:\/\/www.radioamigavallenar.cl\/?p=26815","title":{"rendered":"Ministro Ward anuncia que 60 mil cupos del llamado especial al subsidio de arriendo ser\u00e1n destinados a regiones"},"content":{"rendered":"\n<div class=\"wp-block-image\"><figure class=\"aligncenter size-large\"><img loading=\"lazy\" decoding=\"async\" width=\"753\" height=\"501\" src=\"https:\/\/www.radioamigavallenar.cl\/wp-content\/uploads\/2020\/07\/ward2.jpg\" alt=\"\" class=\"wp-image-26816\" srcset=\"https:\/\/www.radioamigavallenar.cl\/wp-content\/uploads\/2020\/07\/ward2.jpg 753w, https:\/\/www.radioamigavallenar.cl\/wp-content\/uploads\/2020\/07\/ward2-300x200.jpg 300w\" sizes=\"auto, (max-width: 753px) 100vw, 753px\" \/><\/figure><\/div>\n\n\n\n<p>El mediod\u00eda de ayer en las dependencias del Ministerio de Vivienda y Urbanismo el titular de la cartera, Felipe Ward, junto al subsecretario, Guillermo Rolando, entregaron un balance de postulaciones al Llamado Especial del Subsidio de Arriendo a casi una semana de su apertura, iniciativa que es parte del Plan de Protecci\u00f3n de la Clase Media anunciado por el Presidente Sebasti\u00e1n Pi\u00f1era la semana pasada y que beneficiar\u00e1 a 100 mil familias de todo el pa\u00eds.<\/p>\n\n\n\n<p>En la oportunidad, el titular del Minvu afirm\u00f3 que a la fecha se han recibido 32.510 postulaciones, las que ya est\u00e1n siendo evaluadas por personal de todos los Serviu regionales. En ese sentido, la autoridad afirm\u00f3 que se buscar\u00e1 atender la necesidad habitacional de familias de todo Chile, por lo que 60 mil subsidios ser\u00e1n destinados a regiones.<\/p>\n\n\n\n<p>Seg\u00fan el ministro Ward, \u201ceste es un subsidio de emergencia por tres meses que va a apoyar a muchas familias que est\u00e1n actualmente arrendando y que se encuentran en una situaci\u00f3n de vulnerabilidad. Hemos flexibilizado los requisitos, el Presidente de la Rep\u00fablica ha comprendido y nos ha mandatado desde el d\u00eda uno a entender de que esto es una pol\u00edtica p\u00fablica que se requiere producto de lo que est\u00e1 ocurriendo en el pa\u00eds\u201d.<\/p>\n\n\n\n<p>\u201cPodemos decir que son 32.510 los que ya han postulado. Eso nos da una se\u00f1al de lo bien recibida que ha sido esta pol\u00edtica p\u00fablica. Estamos muy conformes con el proceso de postulaci\u00f3n, el que hemos simplificado en sus requisitos. Es 100% online a trav\u00e9s de nuestra p\u00e1gina web&nbsp;<a href=\"http:\/\/www.minvu.cl\/\">www.minvu.cl<\/a>&nbsp;o con los tel\u00e9fonos habilitados para ello\u201d, a\u00f1adi\u00f3 el secretario de Estado.<\/p>\n\n\n\n<p>Este llamado especial considera la asignaci\u00f3n de un subsidio de hasta $250.000 y el valor m\u00e1ximo de la vivienda a arrendar es de hasta $600.000. Cuenta con una cobertura de hasta 70% del arriendo y un copago m\u00ednimo de 30% por parte del beneficiario. Una vez realizado el proceso de selecci\u00f3n de los beneficiados, se realizar\u00e1n los pagos al mes siguiente, es decir, los seleccionados del mes de julio recibir\u00e1n el beneficio al d\u00e9cimo d\u00eda h\u00e1bil del mes de agosto.<\/p>\n\n\n\n<p>\u201cCasi siempre cuando se plantean pol\u00edticas p\u00fablicas orientadas a satisfacer las necesidades y a poder ayudar a los m\u00e1s despose\u00eddos, a los sectores m\u00e1s vulnerables. En esta oportunidad por supuesto que no hacemos una excepci\u00f3n, pero s\u00ed un \u00e9nfasis especial en los sectores medios. Son ellos los que requieren hoy del Estado y es ese el esfuerzo que se est\u00e1 haciendo\u201d, se\u00f1al\u00f3 el ministro Ward.<\/p>\n\n\n\n<p>El proceso de postulaci\u00f3n estar\u00e1 abierto desde el 14 julio al 24 de agosto de 2020, con cierres parciales cada 15 d\u00edas. Se trata de un plan extraordinario como parte de la emergencia sanitaria por Covid-19 que considera una inversi\u00f3n de 93 millones de d\u00f3lares.<\/p>\n\n\n\n<p><strong>\u00bfCu\u00e1les son los requisitos para postular?<\/strong><\/p>\n\n\n\n<ol class=\"wp-block-list\"><li>Estar inscrito en el Registro Social de Hogares (RSH)<\/li><li>Demostrar p\u00e9rdida de empleo o baja de m\u00e1s del 30% de ingresos.<\/li><li>No ser propietario de una vivienda (postulante o alg\u00fan integrante del n\u00facleo familiar)<\/li><li>Estar arrendando una vivienda actualmente<\/li><li>Presentar los documentos de postulaci\u00f3n.<\/li><\/ol>\n","protected":false},"excerpt":{"rendered":"<p>El mediod\u00eda de ayer en las dependencias del Ministerio de Vivienda y Urbanismo el titular de la cartera, Felipe Ward, junto al subsecretario, Guillermo Rolando,&hellip; <\/p>\n","protected":false},"author":2,"featured_media":26816,"comment_status":"open","ping_status":"closed","sticky":false,"template":"","format":"standard","meta":{"footnotes":""},"categories":[7,37],"tags":[],"class_list":["post-26815","post","type-post","status-publish","format-standard","has-post-thumbnail","hentry","category-atacama","category-nacional"],"_links":{"self":[{"href":"https:\/\/www.radioamigavallenar.cl\/index.php?rest_route=\/wp\/v2\/posts\/26815","targetHints":{"allow":["GET"]}}],"collection":[{"href":"https:\/\/www.radioamigavallenar.cl\/index.php?rest_route=\/wp\/v2\/posts"}],"about":[{"href":"https:\/\/www.radioamigavallenar.cl\/index.php?rest_route=\/wp\/v2\/types\/post"}],"author":[{"embeddable":true,"href":"https:\/\/www.radioamigavallenar.cl\/index.php?rest_route=\/wp\/v2\/users\/2"}],"replies":[{"embeddable":true,"href":"https:\/\/www.radioamigavallenar.cl\/index.php?rest_route=%2Fwp%2Fv2%2Fcomments&post=26815"}],"version-history":[{"count":0,"href":"https:\/\/www.radioamigavallenar.cl\/index.php?rest_route=\/wp\/v2\/posts\/26815\/revisions"}],"wp:featuredmedia":[{"embeddable":true,"href":"https:\/\/www.radioamigavallenar.cl\/index.php?rest_route=\/wp\/v2\/media\/26816"}],"wp:attachment":[{"href":"https:\/\/www.radioamigavallenar.cl\/index.php?rest_route=%2Fwp%2Fv2%2Fmedia&parent=26815"}],"wp:term":[{"taxonomy":"category","embeddable":true,"href":"https:\/\/www.radioamigavallenar.cl\/index.php?rest_route=%2Fwp%2Fv2%2Fcategories&post=26815"},{"taxonomy":"post_tag","embeddable":true,"href":"https:\/\/www.radioamigavallenar.cl\/index.php?rest_route=%2Fwp%2Fv2%2Ftags&post=26815"}],"curies":[{"name":"wp","href":"https:\/\/api.w.org\/{rel}","templated":true}]}}