{"id":26812,"date":"2020-07-21T07:18:24","date_gmt":"2020-07-21T11:18:24","guid":{"rendered":"https:\/\/www.radioamigavallenar.cl\/?p=26812"},"modified":"2020-07-21T07:18:25","modified_gmt":"2020-07-21T11:18:25","slug":"diputado-juan-santana-y-diputada-cristina-girardi-apuntan-a-evitar-la-repitencia-de-alumnos-en-pandemia","status":"publish","type":"post","link":"https:\/\/www.radioamigavallenar.cl\/?p=26812","title":{"rendered":"Diputado Juan Santana y diputada Cristina Girardi apuntan a evitar la repitencia de alumnos en pandemia"},"content":{"rendered":"\n<div class=\"wp-block-image\"><figure class=\"aligncenter size-large\"><img loading=\"lazy\" decoding=\"async\" width=\"1024\" height=\"683\" src=\"https:\/\/www.radioamigavallenar.cl\/wp-content\/uploads\/2020\/07\/sala-de-clases-vacia-1024x683.jpg\" alt=\"\" class=\"wp-image-26813\" srcset=\"https:\/\/www.radioamigavallenar.cl\/wp-content\/uploads\/2020\/07\/sala-de-clases-vacia-1024x683.jpg 1024w, https:\/\/www.radioamigavallenar.cl\/wp-content\/uploads\/2020\/07\/sala-de-clases-vacia-300x200.jpg 300w, https:\/\/www.radioamigavallenar.cl\/wp-content\/uploads\/2020\/07\/sala-de-clases-vacia-768x512.jpg 768w, https:\/\/www.radioamigavallenar.cl\/wp-content\/uploads\/2020\/07\/sala-de-clases-vacia.jpg 1366w\" sizes=\"auto, (max-width: 1024px) 100vw, 1024px\" \/><\/figure><\/div>\n\n\n\n<p>El diputado del PS por la regi\u00f3n de Atacama, Juan Santana, junto con su par Cristina Girardi del PPD, con las firmas de todos los miembros oposici\u00f3n de la Comisi\u00f3n de Educaci\u00f3n, presentaron un proyecto de ley que apunta a evitar la deserci\u00f3n escolar producto de la pandemia.<\/p>\n\n\n\n<p>La iniciativa establece que para el presente a\u00f1o los estudiantes de los establecimientos de los niveles de educaci\u00f3n b\u00e1sica y media de todas las modalidades se promover\u00e1n de forma autom\u00e1tica de un curso a otro, usando como base el promedio de calificaciones del a\u00f1o 2019. Adem\u00e1s, se especifica que para el 2021 sea obligaci\u00f3n readecuar los aprendizajes.<\/p>\n\n\n\n<p>Juan Santana explic\u00f3 que \u201cel proyecto que presentamos con la diputada Cristina Girardi viene a entregar respuestas a las m\u00faltiples complejidades que han debido soportar miles de estudiantes y sus familias debido al coronavirus. Nadie puede quedarse atr\u00e1s en medio de una pandemia, sobre todo considerando los m\u00faltiples factores de las diferentes realidades que se viven, partiendo por una brecha digital que se hace m\u00e1s evidente en tiempos de educaci\u00f3n a distancia\u201d.<\/p>\n\n\n\n<p>Adem\u00e1s, agreg\u00f3 que \u201cel objetivo es atenuar los efectos que est\u00e1 teniendo en la educaci\u00f3n chilena la pandemia del coronavirus. Para ello, es necesario velar por proyectos que mitiguen la deserci\u00f3n en los establecimientos educacionales m\u00e1s vulnerables de nuestro pa\u00eds\u201d.<\/p>\n\n\n\n<p>A su vez, la diputada Girardi explic\u00f3 que \u201ctambi\u00e9n hemos planteado que si existe un acuerdo entre la comunidad escolar y los apoderados que un ni\u00f1o en particular es mejor que repita, esa posibilidad estar\u00e1. Muchas veces los ni\u00f1os o ni\u00f1as tienen problemas de madurez o adaptaci\u00f3n al sistema escolar. Pero esto no ser\u00e1 como un castigo, sino focalizado en la necesidad de cada uno y como un acuerdo en su etapa\u201d.<\/p>\n","protected":false},"excerpt":{"rendered":"<p>El diputado del PS por la regi\u00f3n de Atacama, Juan Santana, junto con su par Cristina Girardi del PPD, con las firmas de todos los&hellip; <\/p>\n","protected":false},"author":2,"featured_media":26813,"comment_status":"open","ping_status":"closed","sticky":false,"template":"","format":"standard","meta":{"footnotes":""},"categories":[37],"tags":[],"class_list":["post-26812","post","type-post","status-publish","format-standard","has-post-thumbnail","hentry","category-nacional"],"_links":{"self":[{"href":"https:\/\/www.radioamigavallenar.cl\/index.php?rest_route=\/wp\/v2\/posts\/26812","targetHints":{"allow":["GET"]}}],"collection":[{"href":"https:\/\/www.radioamigavallenar.cl\/index.php?rest_route=\/wp\/v2\/posts"}],"about":[{"href":"https:\/\/www.radioamigavallenar.cl\/index.php?rest_route=\/wp\/v2\/types\/post"}],"author":[{"embeddable":true,"href":"https:\/\/www.radioamigavallenar.cl\/index.php?rest_route=\/wp\/v2\/users\/2"}],"replies":[{"embeddable":true,"href":"https:\/\/www.radioamigavallenar.cl\/index.php?rest_route=%2Fwp%2Fv2%2Fcomments&post=26812"}],"version-history":[{"count":0,"href":"https:\/\/www.radioamigavallenar.cl\/index.php?rest_route=\/wp\/v2\/posts\/26812\/revisions"}],"wp:featuredmedia":[{"embeddable":true,"href":"https:\/\/www.radioamigavallenar.cl\/index.php?rest_route=\/wp\/v2\/media\/26813"}],"wp:attachment":[{"href":"https:\/\/www.radioamigavallenar.cl\/index.php?rest_route=%2Fwp%2Fv2%2Fmedia&parent=26812"}],"wp:term":[{"taxonomy":"category","embeddable":true,"href":"https:\/\/www.radioamigavallenar.cl\/index.php?rest_route=%2Fwp%2Fv2%2Fcategories&post=26812"},{"taxonomy":"post_tag","embeddable":true,"href":"https:\/\/www.radioamigavallenar.cl\/index.php?rest_route=%2Fwp%2Fv2%2Ftags&post=26812"}],"curies":[{"name":"wp","href":"https:\/\/api.w.org\/{rel}","templated":true}]}}