{"id":26594,"date":"2020-07-15T07:19:02","date_gmt":"2020-07-15T11:19:02","guid":{"rendered":"https:\/\/www.radioamigavallenar.cl\/?p=26594"},"modified":"2020-07-15T07:19:04","modified_gmt":"2020-07-15T11:19:04","slug":"bono-de-500-mil-prestamo-subsidio-y-cae-los-detalles-de-los-beneficios-anunciados-por-pinera","status":"publish","type":"post","link":"https:\/\/www.radioamigavallenar.cl\/?p=26594","title":{"rendered":"Bono de $500 mil, pr\u00e9stamo, subsidio y CAE: los detalles de los beneficios anunciados por Pi\u00f1era"},"content":{"rendered":"\n<div class=\"wp-block-image\"><figure class=\"aligncenter size-large\"><img loading=\"lazy\" decoding=\"async\" width=\"1024\" height=\"546\" src=\"https:\/\/www.radioamigavallenar.cl\/wp-content\/uploads\/2020\/07\/Ec572nnWAAEPRIu-1200x640-1-1024x546.jpg\" alt=\"\" class=\"wp-image-26595\" srcset=\"https:\/\/www.radioamigavallenar.cl\/wp-content\/uploads\/2020\/07\/Ec572nnWAAEPRIu-1200x640-1-1024x546.jpg 1024w, https:\/\/www.radioamigavallenar.cl\/wp-content\/uploads\/2020\/07\/Ec572nnWAAEPRIu-1200x640-1-300x160.jpg 300w, https:\/\/www.radioamigavallenar.cl\/wp-content\/uploads\/2020\/07\/Ec572nnWAAEPRIu-1200x640-1-768x410.jpg 768w, https:\/\/www.radioamigavallenar.cl\/wp-content\/uploads\/2020\/07\/Ec572nnWAAEPRIu-1200x640-1.jpg 1200w\" sizes=\"auto, (max-width: 1024px) 100vw, 1024px\" \/><\/figure><\/div>\n\n\n\n<p>El Gobierno anunci\u00f3 ayer martes una serie de medidas dirigidas a la clase media, con el objetivo de evitar que el Congreso apruebe la reforma para retirar el 10% de los fondos de pensi\u00f3n que administran las AFP.<\/p>\n\n\n\n<h5 class=\"has-text-align-center wp-block-heading\">1.-Bono de $500 mil:<\/h5>\n\n\n\n<p>El aporte se realizar\u00e1 en la forma de una transferencia, por una sola vez, por $500.000 para los trabajadores que ten\u00edan ingresos sobre $500.000 y bajo $1.500.000, y que hayan experimentado una ca\u00edda de ingresos de al menos el 30%.<\/p>\n\n\n\n<p><strong>No aplica para quienes hayan recibido el Ingreso Familiar de Emergencia.<\/strong><\/p>\n\n\n\n<h5 class=\"has-text-align-center wp-block-heading\">2.- Pr\u00e9stamo estatal:<\/h5>\n\n\n\n<p>Ser\u00e1 para trabajadores con ingresos mensuales sobre $500.000 y que hayan experimentado una ca\u00edda de sus ingresos del 30%. Podr\u00e1n recibir hasta $650.000 mensuales,&nbsp;<strong>aunque el primer mes s\u00f3lo ser\u00e1 de $150.000, si recibieron el bono estatal.<\/strong><\/p>\n\n\n\n<p>Se reintegrar\u00e1 hasta en cuatro a\u00f1os, con uno de gracia. El primer pago anual a abril de 2022 (por un 10% del monto total solicitado). El pr\u00e9stamo estatal solidario solo se reajustar\u00e1 por IPC.<\/p>\n\n\n\n<p>El pago a contar de septiembre de 2021 se recargar\u00e1 un 3% a trav\u00e9s de retenciones de impuestos (descuentos por planilla, retenciones en boletas de honorarios y pagos de PPMs).<\/p>\n\n\n\n<h5 class=\"has-text-align-center wp-block-heading\">3.-CAE:<\/h5>\n\n\n\n<p><strong><br>Las personas endeudadas con el CAE podr\u00e1n suspender el pago de cuotas por tres meses&nbsp;<\/strong>si est\u00e1n al d\u00eda, mientras que est\u00e9n morosos deber\u00e1n reprogramar su deuda -sin costo alguno- para poder acceder al beneficio.<\/p>\n\n\n\n<p>Tambi\u00e9n extiende el plazo para postular a este cr\u00e9dito a quienes a\u00fan siguen en la universidad.<\/p>\n\n\n\n<h5 class=\"has-text-align-center wp-block-heading\">4.- Subsidio al arriendo<\/h5>\n\n\n\n<p>El subsidio ser\u00e1 para personas cuyos ingresos disminuyeron al menos un 30% durante la pandemia, ser\u00e1 compatible con el ingreso familiar 2.0 y ser\u00e1 de hasta $250.000 mensuales para arriendos de $600.000 mensuales.<\/p>\n\n\n\n<p>Se podr\u00e1 postular al subsidio de arriendo en&nbsp;<a href=\"https:\/\/www.minvu.cl\/llamado-especial-subsidio-de-arriendo\/\">este link.<\/a><\/p>\n\n\n\n<h5 class=\"has-text-align-center wp-block-heading\">5.-Postergaci\u00f3n pago de contribuciones<\/h5>\n\n\n\n<p>Ser\u00e1 para familias propietarias de viviendas con un aval\u00fao fiscal de hasta 5.000 UF y dirigido a familias cuyos ingresos cayeron durante la pandemia, quienes podr\u00e1n postergar el pago de las dos cuotas restantes de 2020.<\/p>\n\n\n\n<p><strong>\u00c9stas se pagar\u00e1n en 2021, junto con las cuatro cuotas que se pagan en 2021 y sin tasa de inter\u00e9s.<\/strong><\/p>\n\n\n\n<p class=\"has-text-align-center\"><strong>6.- Postergaci\u00f3n cr\u00e9ditos hipotecarios<\/strong><\/p>\n\n\n\n<p>Podr\u00e1n acceder a este beneficio las personas cuyos ingresos disminuyeron en los \u00faltimos meses, quienes podr\u00e1n postergar el pago del dividendo por seis meses.<\/p>\n\n\n\n<p><strong>El beneficio ser\u00e1 para hipotecarios de primeras viviendas con un valor de hasta 10.000 UF comercialmente y el usuario no debe tener una mora en el pago del dividendo superior a los 29 d\u00edas.<\/strong><\/p>\n","protected":false},"excerpt":{"rendered":"<p>El Gobierno anunci\u00f3 ayer martes una serie de medidas dirigidas a la clase media, con el objetivo de evitar que el Congreso apruebe la reforma&hellip; <\/p>\n","protected":false},"author":2,"featured_media":26595,"comment_status":"open","ping_status":"closed","sticky":false,"template":"","format":"standard","meta":{"footnotes":""},"categories":[37],"tags":[],"class_list":["post-26594","post","type-post","status-publish","format-standard","has-post-thumbnail","hentry","category-nacional"],"_links":{"self":[{"href":"https:\/\/www.radioamigavallenar.cl\/index.php?rest_route=\/wp\/v2\/posts\/26594","targetHints":{"allow":["GET"]}}],"collection":[{"href":"https:\/\/www.radioamigavallenar.cl\/index.php?rest_route=\/wp\/v2\/posts"}],"about":[{"href":"https:\/\/www.radioamigavallenar.cl\/index.php?rest_route=\/wp\/v2\/types\/post"}],"author":[{"embeddable":true,"href":"https:\/\/www.radioamigavallenar.cl\/index.php?rest_route=\/wp\/v2\/users\/2"}],"replies":[{"embeddable":true,"href":"https:\/\/www.radioamigavallenar.cl\/index.php?rest_route=%2Fwp%2Fv2%2Fcomments&post=26594"}],"version-history":[{"count":0,"href":"https:\/\/www.radioamigavallenar.cl\/index.php?rest_route=\/wp\/v2\/posts\/26594\/revisions"}],"wp:featuredmedia":[{"embeddable":true,"href":"https:\/\/www.radioamigavallenar.cl\/index.php?rest_route=\/wp\/v2\/media\/26595"}],"wp:attachment":[{"href":"https:\/\/www.radioamigavallenar.cl\/index.php?rest_route=%2Fwp%2Fv2%2Fmedia&parent=26594"}],"wp:term":[{"taxonomy":"category","embeddable":true,"href":"https:\/\/www.radioamigavallenar.cl\/index.php?rest_route=%2Fwp%2Fv2%2Fcategories&post=26594"},{"taxonomy":"post_tag","embeddable":true,"href":"https:\/\/www.radioamigavallenar.cl\/index.php?rest_route=%2Fwp%2Fv2%2Ftags&post=26594"}],"curies":[{"name":"wp","href":"https:\/\/api.w.org\/{rel}","templated":true}]}}