{"id":26505,"date":"2020-07-13T12:56:01","date_gmt":"2020-07-13T16:56:01","guid":{"rendered":"https:\/\/www.radioamigavallenar.cl\/?p=26505"},"modified":"2020-07-13T12:56:03","modified_gmt":"2020-07-13T16:56:03","slug":"empresarios-critican-retiro-del-10-de-las-afp-la-sociedad-merece-y-reclama-una-mejor-politica","status":"publish","type":"post","link":"https:\/\/www.radioamigavallenar.cl\/?p=26505","title":{"rendered":"Empresarios critican retiro del 10% de las AFP: \u00abLa sociedad merece y reclama una mejor pol\u00edtica\u00bb"},"content":{"rendered":"\n<div class=\"wp-block-image\"><figure class=\"aligncenter size-large\"><img loading=\"lazy\" decoding=\"async\" width=\"750\" height=\"400\" src=\"https:\/\/www.radioamigavallenar.cl\/wp-content\/uploads\/2020\/07\/a_uno_1166889-e1584988067175-750x400-1.jpg\" alt=\"\" class=\"wp-image-26506\" srcset=\"https:\/\/www.radioamigavallenar.cl\/wp-content\/uploads\/2020\/07\/a_uno_1166889-e1584988067175-750x400-1.jpg 750w, https:\/\/www.radioamigavallenar.cl\/wp-content\/uploads\/2020\/07\/a_uno_1166889-e1584988067175-750x400-1-300x160.jpg 300w\" sizes=\"auto, (max-width: 750px) 100vw, 750px\" \/><\/figure><\/div>\n\n\n\n<p>Luego de la aprobaci\u00f3n en general en la\u00a0C\u00e1mara de Diputados para legislar por el retiro del 10% de los fondos de pensiones, los empresarios de Chile unidos\u00a0reconocieron que \u201cobservamos con profunda preocupaci\u00f3n c\u00f3mo se est\u00e1 incubando una estocada a las pensiones de las trabajadoras y trabajadores chilenos\u201d.<\/p>\n\n\n\n<p>En una carta publicada y en la que adhieren presidentes de 15 agrupaciones de distintos sectores econ\u00f3micos, tambi\u00e9n lamentan que\u00a0<strong>\u201cLa pol\u00edtica, por un lado, y la t\u00e9cnica y el marco institucional, por el otro, est\u00e1n en un proceso de preocupante desconexi\u00f3n\u201d.<\/strong><\/p>\n\n\n\n<p>Afirman que \u201cles ha impedido a muchos reconocer que hay otras propuestas muy superiores para ayudar a las familias de clase media con cr\u00e9ditos blandos y subsidios, como las que se propuso algo tard\u00edamente\u201d.<\/p>\n\n\n\n<p>Argumentan\u00a0el da\u00f1o que la medida de retirar el 10% le har\u00eda al ahorro nacional y el valor de los activos<strong>\u00a0<\/strong>donde est\u00e1 invertido el fondo de pensiones. \u201cEn otras palabras, las pensione ser\u00e1n a\u00fan m\u00e1s bajas y a futuro ser\u00e1 dif\u00edcil para las personas concretar proyectos de vida que requieren de un cr\u00e9dito\u201d.<\/p>\n\n\n\n<p>\u201cEn el mediano plazo, el retiro de fondos afectar\u00e1 tambi\u00e9n el\u00a0empleo y la sanidad de las cuentas fiscales,\u00a0por cuanto los empleadores tendr\u00e1n que aumentas las cotizaciones justo en momentos en que se requiere incentivar nuevas contrataciones\u201d, contin\u00faa la carta.<\/p>\n\n\n\n<p>Critican tambi\u00e9n la nueva deuda que adoptar\u00eda el Estado \u201cal hacerlo en parte responsable de compensar el retiro de estos fondos, y le exigir\u00e1 aportar al Fondo Colectivo Solidario de Pensiones cuantiosos recursos\u201d.<\/p>\n\n\n\n<p>Sobre lo anterior, se cuestionan \u201c\u00bfEs prudente destinar aqu\u00ed estos recursos? Con una tasa de desempleo que puede llegar al 20% este mes y una ca\u00edda del PIB estimada en 7% en 2020, las\u00a0prioridades inmediatas debieran estar en la recuperaci\u00f3n econ\u00f3mica y en pol\u00edticas sociales y proempleo\u201d.<\/p>\n\n\n\n<p>Por \u00faltimo, hacen el llamado a los legisladores a recapacitar sobre esta decisi\u00f3n. \u201cLa C\u00e1mara de Diputados en su votaci\u00f3n en particular, y luego el Senado, tienen la oportunidad de enmendar este rumbo, de manera de no propinarle un golpe, probablemente irreversible, al sistema de protecci\u00f3n social y a la estabilidad fiscal de largo plazo en nuestro pa\u00eds\u201d.<\/p>\n\n\n\n<p><strong>\u201cLa sociedad entera se merece y reclama una mejor pol\u00edtica. A\u00fan es tiempo de rectificar el camino antes que sea tarde\u201d,\u00a0<\/strong>cierran.<\/p>\n\n\n\n<h2 class=\"has-text-align-center wp-block-heading\">Los empresarios que firman la carta:<\/h2>\n\n\n\n<p>Juan Sutil \u2013 Presidente de la CPC<br>Ricardo Arizt\u00eda \u2013 Presidente SNA<br>Manuel Melero \u2013 Presidente CNC<br>Diego Hern\u00e1ndez \u2013 Presidente Sonami<br>Bernardo Larra\u00edn \u2013 Presidente Sofofa<br>Patricio Donoso \u2013 Presidente CChC<br>Jos\u00e9 Manuel Mena \u2013 Presidente ABIF<br>Peter Hill \u2013 Presidente CCS<br>Joaqu\u00edn Villarino \u2013 Presidente Consejo Minero<br>Rafael Cumsille \u2013 Presidente Confederaci\u00f3n Nacional del Comercio Detallista<br>Juan Pablo Swett \u2013 Presidente Multigremial Nacional de Emprendedores<br>Juan Araya \u2013 Presidente Confederaci\u00f3n Nacional Due\u00f1os de Camiones<br>Jos\u00e9 Carre\u00f1o \u2013 Presidente Indupan<br>Sergio P\u00e9rez \u2013 Presidente CNTC<br>Ricardo Margulis \u2013 Presidente Fedetur<\/p>\n","protected":false},"excerpt":{"rendered":"<p>Luego de la aprobaci\u00f3n en general en la\u00a0C\u00e1mara de Diputados para legislar por el retiro del 10% de los fondos de pensiones, los empresarios de&hellip; <\/p>\n","protected":false},"author":2,"featured_media":26506,"comment_status":"open","ping_status":"closed","sticky":false,"template":"","format":"standard","meta":{"footnotes":""},"categories":[37],"tags":[],"class_list":["post-26505","post","type-post","status-publish","format-standard","has-post-thumbnail","hentry","category-nacional"],"_links":{"self":[{"href":"https:\/\/www.radioamigavallenar.cl\/index.php?rest_route=\/wp\/v2\/posts\/26505","targetHints":{"allow":["GET"]}}],"collection":[{"href":"https:\/\/www.radioamigavallenar.cl\/index.php?rest_route=\/wp\/v2\/posts"}],"about":[{"href":"https:\/\/www.radioamigavallenar.cl\/index.php?rest_route=\/wp\/v2\/types\/post"}],"author":[{"embeddable":true,"href":"https:\/\/www.radioamigavallenar.cl\/index.php?rest_route=\/wp\/v2\/users\/2"}],"replies":[{"embeddable":true,"href":"https:\/\/www.radioamigavallenar.cl\/index.php?rest_route=%2Fwp%2Fv2%2Fcomments&post=26505"}],"version-history":[{"count":0,"href":"https:\/\/www.radioamigavallenar.cl\/index.php?rest_route=\/wp\/v2\/posts\/26505\/revisions"}],"wp:featuredmedia":[{"embeddable":true,"href":"https:\/\/www.radioamigavallenar.cl\/index.php?rest_route=\/wp\/v2\/media\/26506"}],"wp:attachment":[{"href":"https:\/\/www.radioamigavallenar.cl\/index.php?rest_route=%2Fwp%2Fv2%2Fmedia&parent=26505"}],"wp:term":[{"taxonomy":"category","embeddable":true,"href":"https:\/\/www.radioamigavallenar.cl\/index.php?rest_route=%2Fwp%2Fv2%2Fcategories&post=26505"},{"taxonomy":"post_tag","embeddable":true,"href":"https:\/\/www.radioamigavallenar.cl\/index.php?rest_route=%2Fwp%2Fv2%2Ftags&post=26505"}],"curies":[{"name":"wp","href":"https:\/\/api.w.org\/{rel}","templated":true}]}}