{"id":26480,"date":"2020-07-13T11:46:53","date_gmt":"2020-07-13T15:46:53","guid":{"rendered":"https:\/\/www.radioamigavallenar.cl\/?p=26480"},"modified":"2020-07-13T11:46:53","modified_gmt":"2020-07-13T15:46:53","slug":"atacama-reporto-este-lunes-57-nuevos-casos-de-coronavirus","status":"publish","type":"post","link":"https:\/\/www.radioamigavallenar.cl\/?p=26480","title":{"rendered":"Atacama report\u00f3 este lunes 57 nuevos casos de Coronavirus"},"content":{"rendered":"\n<div class=\"wp-block-image\"><figure class=\"aligncenter size-large\"><img loading=\"lazy\" decoding=\"async\" width=\"712\" height=\"365\" src=\"https:\/\/www.radioamigavallenar.cl\/wp-content\/uploads\/2020\/06\/CLAUDIO-BAEZA-1.png\" alt=\"\" class=\"wp-image-25026\" srcset=\"https:\/\/www.radioamigavallenar.cl\/wp-content\/uploads\/2020\/06\/CLAUDIO-BAEZA-1.png 712w, https:\/\/www.radioamigavallenar.cl\/wp-content\/uploads\/2020\/06\/CLAUDIO-BAEZA-1-300x154.png 300w\" sizes=\"auto, (max-width: 712px) 100vw, 712px\" \/><\/figure><\/div>\n\n\n\n<p class=\"has-text-align-center\"><strong>Se reportaron adem\u00e1s 439 casos activos a nivel regional.<\/strong><\/p>\n\n\n\n<p>Este lunes se entreg\u00f3 el nuevo reporte Covid-19 desde el Minsal, donde Atacama registr\u00f3 57 nuevos casos positivos de la enfermedad, de ellos\u00a035 son casos sintom\u00e1ticos y otros 22 son casos asintom\u00e1ticos,\u00a0adem\u00e1s se inform\u00f3 de\u00a0439 casos activos a nivel regional.<\/p>\n\n\n\n<p>Con aquello la regi\u00f3n de<strong>\u00a0<\/strong>Atacama, suma a la fecha: 1.617 casos de Coronavirus.<\/p>\n\n\n\n<p>Casos reportados este lunes, por comunas:<\/p>\n\n\n\n<ul class=\"wp-block-list\"><li>28 nuevos casos Copiap\u00f3<\/li><li>14 Vallenar<\/li><li>10 Tierra Amarilla<\/li><li>02 Caldera<\/li><li>02 Cha\u00f1aral<\/li><li>01 Diego de Almagro<\/li><\/ul>\n\n\n\n<figure class=\"wp-block-image\"><img decoding=\"async\" src=\"https:\/\/www.maray.cl\/wp-content\/uploads\/2020\/07\/luness.png\" alt=\"\" class=\"wp-image-207690\"\/><\/figure>\n","protected":false},"excerpt":{"rendered":"<p>Se reportaron adem\u00e1s 439 casos activos a nivel regional. Este lunes se entreg\u00f3 el nuevo reporte Covid-19 desde el Minsal, donde Atacama registr\u00f3 57 nuevos&hellip; <\/p>\n","protected":false},"author":2,"featured_media":25026,"comment_status":"open","ping_status":"closed","sticky":false,"template":"","format":"standard","meta":{"footnotes":""},"categories":[7,1],"tags":[],"class_list":["post-26480","post","type-post","status-publish","format-standard","has-post-thumbnail","hentry","category-atacama","category-provincia-del-huasco-2"],"_links":{"self":[{"href":"https:\/\/www.radioamigavallenar.cl\/index.php?rest_route=\/wp\/v2\/posts\/26480","targetHints":{"allow":["GET"]}}],"collection":[{"href":"https:\/\/www.radioamigavallenar.cl\/index.php?rest_route=\/wp\/v2\/posts"}],"about":[{"href":"https:\/\/www.radioamigavallenar.cl\/index.php?rest_route=\/wp\/v2\/types\/post"}],"author":[{"embeddable":true,"href":"https:\/\/www.radioamigavallenar.cl\/index.php?rest_route=\/wp\/v2\/users\/2"}],"replies":[{"embeddable":true,"href":"https:\/\/www.radioamigavallenar.cl\/index.php?rest_route=%2Fwp%2Fv2%2Fcomments&post=26480"}],"version-history":[{"count":0,"href":"https:\/\/www.radioamigavallenar.cl\/index.php?rest_route=\/wp\/v2\/posts\/26480\/revisions"}],"wp:featuredmedia":[{"embeddable":true,"href":"https:\/\/www.radioamigavallenar.cl\/index.php?rest_route=\/wp\/v2\/media\/25026"}],"wp:attachment":[{"href":"https:\/\/www.radioamigavallenar.cl\/index.php?rest_route=%2Fwp%2Fv2%2Fmedia&parent=26480"}],"wp:term":[{"taxonomy":"category","embeddable":true,"href":"https:\/\/www.radioamigavallenar.cl\/index.php?rest_route=%2Fwp%2Fv2%2Fcategories&post=26480"},{"taxonomy":"post_tag","embeddable":true,"href":"https:\/\/www.radioamigavallenar.cl\/index.php?rest_route=%2Fwp%2Fv2%2Ftags&post=26480"}],"curies":[{"name":"wp","href":"https:\/\/api.w.org\/{rel}","templated":true}]}}