{"id":26442,"date":"2020-07-11T07:00:00","date_gmt":"2020-07-11T11:00:00","guid":{"rendered":"https:\/\/www.radioamigavallenar.cl\/?p=26442"},"modified":"2020-07-10T19:41:34","modified_gmt":"2020-07-10T23:41:34","slug":"copiapo-cuenta-con-nueva-residencia-sanitaria","status":"publish","type":"post","link":"https:\/\/www.radioamigavallenar.cl\/?p=26442","title":{"rendered":"Copiap\u00f3 cuenta con nueva residencia sanitaria"},"content":{"rendered":"\n<div class=\"wp-block-image\"><figure class=\"aligncenter size-large\"><img loading=\"lazy\" decoding=\"async\" width=\"768\" height=\"432\" src=\"https:\/\/www.radioamigavallenar.cl\/wp-content\/uploads\/2020\/07\/residencia-sanitaria1-768x432-1.png\" alt=\"\" class=\"wp-image-26443\" srcset=\"https:\/\/www.radioamigavallenar.cl\/wp-content\/uploads\/2020\/07\/residencia-sanitaria1-768x432-1.png 768w, https:\/\/www.radioamigavallenar.cl\/wp-content\/uploads\/2020\/07\/residencia-sanitaria1-768x432-1-300x169.png 300w\" sizes=\"auto, (max-width: 768px) 100vw, 768px\" \/><\/figure><\/div>\n\n\n\n<p>Una nueva&nbsp;residencia sanitaria&nbsp;para casos positivos de Covid 19 y contactos estrechos entr\u00f3 en funciones a partir de este viernes en la&nbsp;comuna de Copiap\u00f3.<\/p>\n\n\n\n<p>El hotel cuenta con 130 habitaciones y permitir\u00e1 hospedar a 170 personas,&nbsp;cuyas instalaciones ya se encuentran habilitadas y cumplen con los requisitos exigidos para este tipo de instalaciones.<\/p>\n\n\n\n<p>El recinto est\u00e1 destinado a&nbsp;personas sospechosas o positivas al coronavirus, que no requieran hospitalizaci\u00f3n y no tienen las condiciones para cumplir su cuarentena en su hogar.<\/p>\n\n\n\n<p>La residencia, cuenta con habitaciones para personas con capacidades diferentes, las cuales podr\u00e1n realizar su aislamiento con las condiciones necesarias y optimas.<\/p>\n\n\n\n<p>Adem\u00e1s, es preciso indicar que las residencias sanitarias cuentan con un equipo m\u00e9dico, de enfermeras, kinesi\u00f3logos y tens, quienes monitorean a los pacientes hospedados.<\/p>\n\n\n\n<p>El Seremi de Salud, Bastian Hermosilla Noriega \u201cEsta es parte de una estrategia para controlar la propagaci\u00f3n del Covid-19. Hoy estamos dando inicio a una nueva residencia sanitaria en la comuna de Copiap\u00f3, y es importante mencionar que las estas residencias sanitarias son gratuitas y en ellas se ofrece alimentaci\u00f3n y monitoreo constante\u201d.<\/p>\n\n\n\n<p>En la actualidad la regi\u00f3n dispone de 2 residencias en Copiap\u00f3, 1 en Caldera y 1 un la comuna de Vallenar.<\/p>\n\n\n\n<p>Finalmente, cabe destacar, que todo paciente que no pueda cumplir su aislamiento seguro, puede llamar al call center 800-726-666 o al correo electr\u00f3nico&nbsp;<a href=\"mailto:residenciasatacama@redsalud.gov.cl\">residenciasatacama@redsalud.gov.cl<\/a><\/p>\n","protected":false},"excerpt":{"rendered":"<p>Una nueva&nbsp;residencia sanitaria&nbsp;para casos positivos de Covid 19 y contactos estrechos entr\u00f3 en funciones a partir de este viernes en la&nbsp;comuna de Copiap\u00f3. El hotel&hellip; <\/p>\n","protected":false},"author":2,"featured_media":26443,"comment_status":"open","ping_status":"closed","sticky":false,"template":"","format":"standard","meta":{"footnotes":""},"categories":[7],"tags":[],"class_list":["post-26442","post","type-post","status-publish","format-standard","has-post-thumbnail","hentry","category-atacama"],"_links":{"self":[{"href":"https:\/\/www.radioamigavallenar.cl\/index.php?rest_route=\/wp\/v2\/posts\/26442","targetHints":{"allow":["GET"]}}],"collection":[{"href":"https:\/\/www.radioamigavallenar.cl\/index.php?rest_route=\/wp\/v2\/posts"}],"about":[{"href":"https:\/\/www.radioamigavallenar.cl\/index.php?rest_route=\/wp\/v2\/types\/post"}],"author":[{"embeddable":true,"href":"https:\/\/www.radioamigavallenar.cl\/index.php?rest_route=\/wp\/v2\/users\/2"}],"replies":[{"embeddable":true,"href":"https:\/\/www.radioamigavallenar.cl\/index.php?rest_route=%2Fwp%2Fv2%2Fcomments&post=26442"}],"version-history":[{"count":0,"href":"https:\/\/www.radioamigavallenar.cl\/index.php?rest_route=\/wp\/v2\/posts\/26442\/revisions"}],"wp:featuredmedia":[{"embeddable":true,"href":"https:\/\/www.radioamigavallenar.cl\/index.php?rest_route=\/wp\/v2\/media\/26443"}],"wp:attachment":[{"href":"https:\/\/www.radioamigavallenar.cl\/index.php?rest_route=%2Fwp%2Fv2%2Fmedia&parent=26442"}],"wp:term":[{"taxonomy":"category","embeddable":true,"href":"https:\/\/www.radioamigavallenar.cl\/index.php?rest_route=%2Fwp%2Fv2%2Fcategories&post=26442"},{"taxonomy":"post_tag","embeddable":true,"href":"https:\/\/www.radioamigavallenar.cl\/index.php?rest_route=%2Fwp%2Fv2%2Ftags&post=26442"}],"curies":[{"name":"wp","href":"https:\/\/api.w.org\/{rel}","templated":true}]}}