{"id":26439,"date":"2020-07-11T07:00:00","date_gmt":"2020-07-11T11:00:00","guid":{"rendered":"https:\/\/www.radioamigavallenar.cl\/?p=26439"},"modified":"2020-07-10T19:39:40","modified_gmt":"2020-07-10T23:39:40","slug":"segundo-aporte-del-ingreso-familiar-de-emergencia-esta-llegando-a-cerca-de-40-mil-hogares-de-atacama","status":"publish","type":"post","link":"https:\/\/www.radioamigavallenar.cl\/?p=26439","title":{"rendered":"Segundo aporte del Ingreso Familiar de Emergencia est\u00e1 llegando a cerca de 40 mil hogares de Atacama"},"content":{"rendered":"\n<div class=\"wp-block-image\"><figure class=\"aligncenter size-large\"><img loading=\"lazy\" decoding=\"async\" width=\"1024\" height=\"505\" src=\"https:\/\/www.radioamigavallenar.cl\/wp-content\/uploads\/2020\/07\/WhatsApp-Image-2020-07-10-at-11.10.55-1024x505.jpeg\" alt=\"\" class=\"wp-image-26440\" srcset=\"https:\/\/www.radioamigavallenar.cl\/wp-content\/uploads\/2020\/07\/WhatsApp-Image-2020-07-10-at-11.10.55-1024x505.jpeg 1024w, https:\/\/www.radioamigavallenar.cl\/wp-content\/uploads\/2020\/07\/WhatsApp-Image-2020-07-10-at-11.10.55-300x148.jpeg 300w, https:\/\/www.radioamigavallenar.cl\/wp-content\/uploads\/2020\/07\/WhatsApp-Image-2020-07-10-at-11.10.55-768x379.jpeg 768w, https:\/\/www.radioamigavallenar.cl\/wp-content\/uploads\/2020\/07\/WhatsApp-Image-2020-07-10-at-11.10.55.jpeg 1152w\" sizes=\"auto, (max-width: 1024px) 100vw, 1024px\" \/><\/figure><\/div>\n\n\n\n<p>Ayer viernes, el seremi de Desarrollo Social y Familia de Atacama, Luis Morales Vergara, junto al secretario regional ministerial de Trabajo y Previsi\u00f3n Social, Carlos Leal, realizaron una orientaci\u00f3n en las dependencias de IPS Atacama a los vecinos y vecinas de Copiap\u00f3, para dar a conocer los procesos de inscripci\u00f3n y actualizaci\u00f3n del Registro Social de Hogares (RSH).<\/p>\n\n\n\n<p>Este operativo, desplegado en el marco del comienzo del segundo pago del nuevo Ingreso Familiar de Emergencia para los nuevos solicitantes, buscaba apoyar a las familias que no han podido recibir este beneficio por falta de informaci\u00f3n o por no estar inscritos en el RSH, ya que este mecanismo permite la recopilaci\u00f3n de informaci\u00f3n sobre la calificaci\u00f3n socioecon\u00f3mica de las familias chilenas para designar dicha ayuda social.<\/p>\n\n\n\n<p>\u201cHemos estado ayudado a familias de la Regi\u00f3n de Atacama a actualizar su Registro Social de Hogares, que es la clave para poder obtener el Ingreso Familiar de Emergencia. Es as\u00ed como este trabajo en conjunto nos va a permitir mejorar la cobertura, tiempos de respuestas y, por su puesto, disponer mayor cantidad de recursos operativos para la ciudadan\u00eda. En esta emergencia que, sabemos nos afecta a todos, nuestro compromiso como Gobierno es poder trabajar en funci\u00f3n de cumplir con las necesidades de cada familia\u201d, se\u00f1al\u00f3 el representante regional de la cartera, Luis Morales.<\/p>\n\n\n\n<p>Durante la actividad, el seremi tambi\u00e9n destac\u00f3 que \u201cen el territorio regional ya hemos ayudado a m\u00e1s de 39.321 familias con el Ingreso Familiar de Emergencia, y todav\u00eda nos queda por seguir realizando pagos a nuevos hogares que se van a ir sumando. Por esta raz\u00f3n, debemos seguir ejecutando estas orientaciones para ir cubriendo sectores vulnerables y alcanzar grupos que no han sido beneficiados hasta el momento\u201d.<\/p>\n\n\n\n<p>Por su parte, el seremi del Trabajo y Prevision Social, Carlos Leal, sostuvo que \u201ccomo Gobierno, a trav\u00e9s de IPS-ChileAtiende, nos encontramos entregando todos los beneficios sociales que el Presidente ha anunciado para ir en apoyo de las familias que m\u00e1s lo necesitan en estos tiempos de pandemia; como caja pagadora de los distintos bonos, as\u00ed como tambi\u00e9n del Ingreso familiar de emergencia. En ChileAtiende tambi\u00e9n se entrega la clave \u00fanica, por lo que hemos habilitado funcionarios que se encarga exclusivamente de este tr\u00e1mite. Asimismo, tenemos un equipo designado por la serem\u00eda de Desarrollo Social y Familia, desplegado en las dependencias de nuestras oficinas, con el fin de entregar una mejor atenci\u00f3n a nuestros usuarios que necesitan actualizar el RSH\u201d.<\/p>\n\n\n\n<p>En tanto, Ester Garc\u00eda Flores, ciudadana peruana y madre de 5 hijos, se mostr\u00f3 agradecida por haber recibido el IFE. \u201cMe ha venido bien este beneficio, ya que quiero postular a una casa, porque estoy pagando arriendo y ahora estoy sin trabajo. Nunca me imagine recibir esta ayuda, pero me viene muy bien\u201d.<\/p>\n\n\n\n<p>En este contexto, cabe se\u00f1alar que, en el caso de los beneficiarios de estos grupos que cobran en forma presencial, el pago comenzar\u00e1 el 13 de julio en las sucursales de Caja Los H\u00e9roes o BancoEstado, dependiendo de d\u00f3nde se les haya asignado el pago. Las personas pueden consultar su fecha y lugar de pago en&nbsp;<a href=\"http:\/\/www.ingresodeemergencia.cl\/\"><strong>www.ingresodeemergencia.cl<\/strong><\/a>&nbsp;a partir de hoy<strong>.<\/strong><\/p>\n\n\n\n<p>Roberto D\u00edaz Lastarria, director regional de IPS, se\u00f1al\u00f3 que \u201cpara nosotros ha sido un trabajo arduo, en el cual hemos duplicado los esfuerzos para atender a nuestros usuarios de la mejor forma, siempre protegiendo su salud y la de nuestros funcionarios. Es por eso que a contar del d\u00eda lunes 13 de julio comenzaremos con un horario m\u00e1s extendido que evaluaremos d\u00eda a d\u00eda y, gracias al donativo de la empresa de energ\u00eda Engie, podremos agilizar la atenci\u00f3n en las filas con los Tablet. Nuestro compromiso es apoyar a las personas en estos momentos que necesitan orientaci\u00f3n y respuestas\u201d.<\/p>\n\n\n\n<h3 class=\"has-text-align-center wp-block-heading\"><strong>Pasos para postular al Ingreso Familiar de Emergencia<\/strong><\/h3>\n\n\n\n<ol class=\"wp-block-list\"><li>Inscribirse en la web www.registrosocial.gob.cl y abrir su RSH.<\/li><li>Si el hogar ya tiene RSH pero su situaci\u00f3n ha cambiado actualizar la informaci\u00f3n de su hogar.<\/li><li>Postular al IFE en www.ingresodemergencia.cl<\/li><li>En caso de que la persona no reciba el IFE y que sus ingresos se hayan visto afectados durante la pandemia, apelar en link \u201cTienes un problema\u201d en la web e informar v\u00eda declaraci\u00f3n jurada la actual situaci\u00f3n de ingresos de ese hogar.<\/li><\/ol>\n","protected":false},"excerpt":{"rendered":"<p>Ayer viernes, el seremi de Desarrollo Social y Familia de Atacama, Luis Morales Vergara, junto al secretario regional ministerial de Trabajo y Previsi\u00f3n Social, Carlos&hellip; <\/p>\n","protected":false},"author":2,"featured_media":26440,"comment_status":"open","ping_status":"closed","sticky":false,"template":"","format":"standard","meta":{"footnotes":""},"categories":[7],"tags":[],"class_list":["post-26439","post","type-post","status-publish","format-standard","has-post-thumbnail","hentry","category-atacama"],"_links":{"self":[{"href":"https:\/\/www.radioamigavallenar.cl\/index.php?rest_route=\/wp\/v2\/posts\/26439","targetHints":{"allow":["GET"]}}],"collection":[{"href":"https:\/\/www.radioamigavallenar.cl\/index.php?rest_route=\/wp\/v2\/posts"}],"about":[{"href":"https:\/\/www.radioamigavallenar.cl\/index.php?rest_route=\/wp\/v2\/types\/post"}],"author":[{"embeddable":true,"href":"https:\/\/www.radioamigavallenar.cl\/index.php?rest_route=\/wp\/v2\/users\/2"}],"replies":[{"embeddable":true,"href":"https:\/\/www.radioamigavallenar.cl\/index.php?rest_route=%2Fwp%2Fv2%2Fcomments&post=26439"}],"version-history":[{"count":0,"href":"https:\/\/www.radioamigavallenar.cl\/index.php?rest_route=\/wp\/v2\/posts\/26439\/revisions"}],"wp:featuredmedia":[{"embeddable":true,"href":"https:\/\/www.radioamigavallenar.cl\/index.php?rest_route=\/wp\/v2\/media\/26440"}],"wp:attachment":[{"href":"https:\/\/www.radioamigavallenar.cl\/index.php?rest_route=%2Fwp%2Fv2%2Fmedia&parent=26439"}],"wp:term":[{"taxonomy":"category","embeddable":true,"href":"https:\/\/www.radioamigavallenar.cl\/index.php?rest_route=%2Fwp%2Fv2%2Fcategories&post=26439"},{"taxonomy":"post_tag","embeddable":true,"href":"https:\/\/www.radioamigavallenar.cl\/index.php?rest_route=%2Fwp%2Fv2%2Ftags&post=26439"}],"curies":[{"name":"wp","href":"https:\/\/api.w.org\/{rel}","templated":true}]}}