{"id":26356,"date":"2020-07-09T12:31:15","date_gmt":"2020-07-09T16:31:15","guid":{"rendered":"https:\/\/www.radioamigavallenar.cl\/?p=26356"},"modified":"2020-07-09T12:36:21","modified_gmt":"2020-07-09T16:36:21","slug":"diputados-paulsen-schalper-y-perez-renuncian-a-bancada-rn-tras-resultado-de-proyecto-del-10-de-afp","status":"publish","type":"post","link":"https:\/\/www.radioamigavallenar.cl\/?p=26356","title":{"rendered":"Diputados Paulsen, Schalper y P\u00e9rez renuncian a bancada RN tras resultado de proyecto del 10% de AFP"},"content":{"rendered":"\n<div class=\"wp-block-image\"><figure class=\"aligncenter size-large\"><img loading=\"lazy\" decoding=\"async\" width=\"750\" height=\"400\" src=\"https:\/\/www.radioamigavallenar.cl\/wp-content\/uploads\/2020\/07\/diego-paulsen-diego-schalper-leopoldo-perez-renuncia-bancadarn.jpg\" alt=\"\" class=\"wp-image-26357\" srcset=\"https:\/\/www.radioamigavallenar.cl\/wp-content\/uploads\/2020\/07\/diego-paulsen-diego-schalper-leopoldo-perez-renuncia-bancadarn.jpg 750w, https:\/\/www.radioamigavallenar.cl\/wp-content\/uploads\/2020\/07\/diego-paulsen-diego-schalper-leopoldo-perez-renuncia-bancadarn-300x160.jpg 300w\" sizes=\"auto, (max-width: 750px) 100vw, 750px\" \/><\/figure><\/div>\n\n\n\n<p><strong>Un duro golpe para el oficialismo fue la aprobaci\u00f3n del proyecto de ley que propone una reforma constitucional para\u00a0permitir el retiro del 10% de los fondos de pensiones\u00a0de los afiliados a las AFP. Tras esto, una serie de diputados de Renovaci\u00f3n Nacional renunciaron a la bancada de RN.<\/strong><\/p>\n\n\n\n<p>Sin embargo, cabe clarificar que con esto los parlamentarios\u00a0no renunciaron a su militancia en el partido.<\/p>\n\n\n\n<p>Seg\u00fan se trata del presidente de la C\u00e1mara de Diputados,\u00a0Diego Paulsen, junto a sus compa\u00f1eros\u00a0Diego Schalper\u00a0y\u00a0Leopoldo P\u00e9rez.<\/p>\n\n\n\n<p>La noticia llega luego que la Sala de la C\u00e1mara de Diputados aprobara en general,\u00a0por 95 votos a favor, 25 en contra y 31 abstenciones, la controvertida iniciativa.<\/p>\n\n\n\n<p>Dicha iniciativa, que\u00a0comenz\u00f3 su discusi\u00f3n pasadas las 10:00 de la ma\u00f1ana\u00a0y se extendi\u00f3 durante todo el d\u00eda, fue aprobada previamente el lunes pasado por la Comisi\u00f3n de Constituci\u00f3n de la C\u00e1mara Baja.<\/p>\n\n\n\n<p>Tras este importante triunfo en su tr\u00e1mite legislativo, la iniciativa\u00a0volver\u00e1 a dicha instancia parlamentaria, donde ser\u00e1 debatida en particular. Luego deber\u00e1 volver a la C\u00e1mara y reci\u00e9n ah\u00ed podr\u00eda finalizar su primer tr\u00e1mite y pasar al Senado.<\/p>\n","protected":false},"excerpt":{"rendered":"<p>Un duro golpe para el oficialismo fue la aprobaci\u00f3n del proyecto de ley que propone una reforma constitucional para\u00a0permitir el retiro del 10% de los&hellip; <\/p>\n","protected":false},"author":2,"featured_media":26357,"comment_status":"open","ping_status":"closed","sticky":false,"template":"","format":"standard","meta":{"footnotes":""},"categories":[37],"tags":[],"class_list":["post-26356","post","type-post","status-publish","format-standard","has-post-thumbnail","hentry","category-nacional"],"_links":{"self":[{"href":"https:\/\/www.radioamigavallenar.cl\/index.php?rest_route=\/wp\/v2\/posts\/26356","targetHints":{"allow":["GET"]}}],"collection":[{"href":"https:\/\/www.radioamigavallenar.cl\/index.php?rest_route=\/wp\/v2\/posts"}],"about":[{"href":"https:\/\/www.radioamigavallenar.cl\/index.php?rest_route=\/wp\/v2\/types\/post"}],"author":[{"embeddable":true,"href":"https:\/\/www.radioamigavallenar.cl\/index.php?rest_route=\/wp\/v2\/users\/2"}],"replies":[{"embeddable":true,"href":"https:\/\/www.radioamigavallenar.cl\/index.php?rest_route=%2Fwp%2Fv2%2Fcomments&post=26356"}],"version-history":[{"count":0,"href":"https:\/\/www.radioamigavallenar.cl\/index.php?rest_route=\/wp\/v2\/posts\/26356\/revisions"}],"wp:featuredmedia":[{"embeddable":true,"href":"https:\/\/www.radioamigavallenar.cl\/index.php?rest_route=\/wp\/v2\/media\/26357"}],"wp:attachment":[{"href":"https:\/\/www.radioamigavallenar.cl\/index.php?rest_route=%2Fwp%2Fv2%2Fmedia&parent=26356"}],"wp:term":[{"taxonomy":"category","embeddable":true,"href":"https:\/\/www.radioamigavallenar.cl\/index.php?rest_route=%2Fwp%2Fv2%2Fcategories&post=26356"},{"taxonomy":"post_tag","embeddable":true,"href":"https:\/\/www.radioamigavallenar.cl\/index.php?rest_route=%2Fwp%2Fv2%2Ftags&post=26356"}],"curies":[{"name":"wp","href":"https:\/\/api.w.org\/{rel}","templated":true}]}}