{"id":26050,"date":"2020-07-02T07:17:09","date_gmt":"2020-07-02T11:17:09","guid":{"rendered":"https:\/\/www.radioamigavallenar.cl\/?p=26050"},"modified":"2020-07-02T07:17:10","modified_gmt":"2020-07-02T11:17:10","slug":"servel-da-a-conocer-cifras-del-padron-electoral-provisorio-del-plebiscito-nacional-2020","status":"publish","type":"post","link":"https:\/\/www.radioamigavallenar.cl\/?p=26050","title":{"rendered":"Servel da a conocer cifras del Padr\u00f3n Electoral provisorio del Plebiscito Nacional 2020"},"content":{"rendered":"\n<div class=\"wp-block-image\"><figure class=\"aligncenter size-large\"><img loading=\"lazy\" decoding=\"async\" width=\"1024\" height=\"610\" src=\"https:\/\/www.radioamigavallenar.cl\/wp-content\/uploads\/2020\/07\/servel-2-1024x610.jpg\" alt=\"\" class=\"wp-image-26051\" srcset=\"https:\/\/www.radioamigavallenar.cl\/wp-content\/uploads\/2020\/07\/servel-2-1024x610.jpg 1024w, https:\/\/www.radioamigavallenar.cl\/wp-content\/uploads\/2020\/07\/servel-2-300x179.jpg 300w, https:\/\/www.radioamigavallenar.cl\/wp-content\/uploads\/2020\/07\/servel-2-768x458.jpg 768w, https:\/\/www.radioamigavallenar.cl\/wp-content\/uploads\/2020\/07\/servel-2-1536x915.jpg 1536w, https:\/\/www.radioamigavallenar.cl\/wp-content\/uploads\/2020\/07\/servel-2-2048x1220.jpg 2048w\" sizes=\"auto, (max-width: 1024px) 100vw, 1024px\" \/><\/figure><\/div>\n\n\n\n<p>El pasado s\u00e1bado 27 de junio y con ocasi\u00f3n del Plebiscito Nacional a realizarse el pr\u00f3ximo 25 de octubre de 2020, Servel pone a disposici\u00f3n el Padr\u00f3n Electoral con car\u00e1cter de provisorio.<\/p>\n\n\n\n<p>Este Padr\u00f3n contiene una n\u00f3mina de las personas inscritas en el Registro Electoral que, conforme a los antecedentes conocidos hasta el 6 de junio, re\u00fanen los requisitos necesarios para ejercer el derecho a sufragio.<\/p>\n\n\n\n<p>Adem\u00e1s, se confeccion\u00f3 una n\u00f3mina provisoria de inhabilitados, donde se indica la causal que dio lugar a dicha condici\u00f3n, la cual incluye a las personas inscritas en el Registro Electoral pero que en el pr\u00f3ximo Plebiscito no podr\u00e1n sufragar.<\/p>\n\n\n\n<p>As\u00ed, el Padr\u00f3n Electoral Provisorio consta de 14.791.476 electores en Chile, 59.526 en el extranjero, siendo por otra parte 249.830 el total de inhabilitados.<\/p>\n\n\n\n<p>Con el cambio de fecha del Plebiscito Nacional, en este padr\u00f3n provisorio se incorporan 119.773 j\u00f3venes que por cumplir 18 a\u00f1os podr\u00e1n elegir el pa\u00eds que quieren este 25 de octubre.<\/p>\n","protected":false},"excerpt":{"rendered":"<p>El pasado s\u00e1bado 27 de junio y con ocasi\u00f3n del Plebiscito Nacional a realizarse el pr\u00f3ximo 25 de octubre de 2020, Servel pone a disposici\u00f3n&hellip; <\/p>\n","protected":false},"author":2,"featured_media":26051,"comment_status":"open","ping_status":"closed","sticky":false,"template":"","format":"standard","meta":{"footnotes":""},"categories":[37],"tags":[],"class_list":["post-26050","post","type-post","status-publish","format-standard","has-post-thumbnail","hentry","category-nacional"],"_links":{"self":[{"href":"https:\/\/www.radioamigavallenar.cl\/index.php?rest_route=\/wp\/v2\/posts\/26050","targetHints":{"allow":["GET"]}}],"collection":[{"href":"https:\/\/www.radioamigavallenar.cl\/index.php?rest_route=\/wp\/v2\/posts"}],"about":[{"href":"https:\/\/www.radioamigavallenar.cl\/index.php?rest_route=\/wp\/v2\/types\/post"}],"author":[{"embeddable":true,"href":"https:\/\/www.radioamigavallenar.cl\/index.php?rest_route=\/wp\/v2\/users\/2"}],"replies":[{"embeddable":true,"href":"https:\/\/www.radioamigavallenar.cl\/index.php?rest_route=%2Fwp%2Fv2%2Fcomments&post=26050"}],"version-history":[{"count":0,"href":"https:\/\/www.radioamigavallenar.cl\/index.php?rest_route=\/wp\/v2\/posts\/26050\/revisions"}],"wp:featuredmedia":[{"embeddable":true,"href":"https:\/\/www.radioamigavallenar.cl\/index.php?rest_route=\/wp\/v2\/media\/26051"}],"wp:attachment":[{"href":"https:\/\/www.radioamigavallenar.cl\/index.php?rest_route=%2Fwp%2Fv2%2Fmedia&parent=26050"}],"wp:term":[{"taxonomy":"category","embeddable":true,"href":"https:\/\/www.radioamigavallenar.cl\/index.php?rest_route=%2Fwp%2Fv2%2Fcategories&post=26050"},{"taxonomy":"post_tag","embeddable":true,"href":"https:\/\/www.radioamigavallenar.cl\/index.php?rest_route=%2Fwp%2Fv2%2Ftags&post=26050"}],"curies":[{"name":"wp","href":"https:\/\/api.w.org\/{rel}","templated":true}]}}