{"id":25874,"date":"2020-06-26T11:55:20","date_gmt":"2020-06-26T15:55:20","guid":{"rendered":"https:\/\/www.radioamigavallenar.cl\/?p=25874"},"modified":"2020-06-26T11:55:22","modified_gmt":"2020-06-26T15:55:22","slug":"alcaldes-envian-carta-al-presidente-para-que-promulgue-proyecto-de-ley-que-evita-el-corte-de-servicios-basicos","status":"publish","type":"post","link":"https:\/\/www.radioamigavallenar.cl\/?p=25874","title":{"rendered":"Alcaldes env\u00edan carta al Presidente para que promulgue proyecto de ley que evita el corte de servicios b\u00e1sicos."},"content":{"rendered":"\n<div class=\"wp-block-image\"><figure class=\"aligncenter size-large\"><img loading=\"lazy\" decoding=\"async\" width=\"800\" height=\"533\" src=\"https:\/\/www.radioamigavallenar.cl\/wp-content\/uploads\/2020\/06\/alcaldes-chile-800x533-1.jpg\" alt=\"\" class=\"wp-image-25875\" srcset=\"https:\/\/www.radioamigavallenar.cl\/wp-content\/uploads\/2020\/06\/alcaldes-chile-800x533-1.jpg 800w, https:\/\/www.radioamigavallenar.cl\/wp-content\/uploads\/2020\/06\/alcaldes-chile-800x533-1-300x200.jpg 300w, https:\/\/www.radioamigavallenar.cl\/wp-content\/uploads\/2020\/06\/alcaldes-chile-800x533-1-768x512.jpg 768w\" sizes=\"auto, (max-width: 800px) 100vw, 800px\" \/><\/figure><\/div>\n\n\n\n<p>La misiva fue firmada por 43 ediles quienes buscan la promulgaci\u00f3n del proyecto, ya que este \u00abalivia la extrema situaci\u00f3n de millones de personas que han visto como su calidad de vida se viene precarizando\u00bb, seg\u00fan explican en el texto.<\/p>\n\n\n\n<p>Cuarenta y tres alcaldes de todo el pa\u00eds llamaron al<strong>\u00a0<\/strong>Presidente Sebasti\u00e1n Pi\u00f1era\u00a0a promulgar cuanto antes el\u00a0proyecto de ley que impide a las empresas cortar los servicios b\u00e1sicos\u00a0de luz, agua y gas mientras dure el estado de emergencia constitucional a causa de la pandemia, iniciativa que fue aprobado y despachado hace menos de dos semanas desde el Congreso<\/p>\n\n\n\n<p>Si bien\u00a0el Ejecutivo descart\u00f3 acudir al Tribunal Constitucional (TC), pese a que siempre se opuso al proyecto por considerarlo inadmisible constitucionalmente, a\u00fan no lo promulga y\u00a0se est\u00e1 analizando un veto presidencial.<\/p>\n\n\n\n<p>Debido a esto, el grupo de alcaldes le envi\u00f3 este jueves una carta al mandatario, donde\u00a0le hacen ver la urgencia de que se promulgue dicho proyecto de ley.<\/p>\n\n\n\n<p>La misiva est\u00e1 firmada, entre otros, por los jefes comunales Gonzalo Dur\u00e1n (Independencia), Jorge Sharp (Valpara\u00edso), Daniel Jadue (Recoleta), Claudia Pizarro (La Pintana), Felipe Delp\u00edn (La Granja), \u00c1lvaro Ortiz (Concepci\u00f3n) y Carolina Leitao (Pe\u00f1alol\u00e9n).<\/p>\n\n\n\n<p>\u201cHace unos d\u00edas, el Congreso Nacional tramit\u00f3 y aprob\u00f3 un proyecto de ley que evita el corte de los servicios b\u00e1sicos durante la crisis sanitaria y social que atraviesa el pa\u00eds para familias que no puedan pagar,\u00a0entregando la posibilidad de prorratear hasta en 12 cuotas sin inter\u00e9s para el 60% m\u00e1s pobre de la poblaci\u00f3n\u201d, comienza diciendo el documento que los ediles dirigieron a La Moneda.<\/p>\n\n\n\n<p>Luego, los alcaldes plantearon que \u201cuna iniciativa de estas caracter\u00edsticas va en la direcci\u00f3n correcta,<strong>\u00a0<\/strong>porque alivia la extrema situaci\u00f3n de millones de personas que han visto como su calidad de vida se viene precarizando por la p\u00e9rdida del empleo, por el incremento de las deudas, por mayores gastos en salud e incremento en la canasta b\u00e1sica, lo que junto a diversos problemas de salud mental y la incertidumbre que provoca esta situaci\u00f3n, han configurado una realidad extrema en el pa\u00eds\u201d.<\/p>\n\n\n\n<p>\u201cComo alcaldesas y alcaldes de diferentes comunas del pa\u00eds -continuaron-\u00a0conocemos lo que pasa con las familias m\u00e1s vulnerables, y aunque se han impulsado acciones que van en su apoyo, hemos constatado que no han sido suficientes para enfrentar las dificultades provocadas por la pandemia. El panorama es m\u00e1s complejo, considerando que reci\u00e9n comenzamos el periodo de invierno, por tanto, estamos viviendo los meses m\u00e1s dif\u00edciles\u201d.<\/p>\n\n\n\n<p>Por tales razones, los jefes comunales instaron al Presidente Pi\u00f1era \u201ca que se promulgue esta ley en el menor tiempo posible.\u00a0No perdamos tiempo en vetos o reparos a una iniciativa que va a beneficiar a millones de personas que est\u00e1n pasando momentos muy complejos en todo el pa\u00eds\u201d.<\/p>\n\n\n\n<p>\u201cDe concretarse una decisi\u00f3n presidencial en este sentido (el veto),\u00a0ser\u00eda lamentable y supondr\u00eda darle la espalda a millones de compatriotas.\u00a0El escenario de crisis que vive Chile requiere de medidas efectivas y r\u00e1pidas, sobre todo, que apunten a la protecci\u00f3n de las familias y personas que m\u00e1s lo requieren en el pa\u00eds. Adem\u00e1s, una mayor celeridad entregar\u00e1 certeza a las empresas proveedoras de estos servicios b\u00e1sicos\u201d, concluyeron.<\/p>\n","protected":false},"excerpt":{"rendered":"<p>La misiva fue firmada por 43 ediles quienes buscan la promulgaci\u00f3n del proyecto, ya que este \u00abalivia la extrema situaci\u00f3n de millones de personas que&hellip; <\/p>\n","protected":false},"author":2,"featured_media":25875,"comment_status":"open","ping_status":"closed","sticky":false,"template":"","format":"standard","meta":{"footnotes":""},"categories":[7,37,1,2],"tags":[],"class_list":["post-25874","post","type-post","status-publish","format-standard","has-post-thumbnail","hentry","category-atacama","category-nacional","category-provincia-del-huasco-2","category-vallenar"],"_links":{"self":[{"href":"https:\/\/www.radioamigavallenar.cl\/index.php?rest_route=\/wp\/v2\/posts\/25874","targetHints":{"allow":["GET"]}}],"collection":[{"href":"https:\/\/www.radioamigavallenar.cl\/index.php?rest_route=\/wp\/v2\/posts"}],"about":[{"href":"https:\/\/www.radioamigavallenar.cl\/index.php?rest_route=\/wp\/v2\/types\/post"}],"author":[{"embeddable":true,"href":"https:\/\/www.radioamigavallenar.cl\/index.php?rest_route=\/wp\/v2\/users\/2"}],"replies":[{"embeddable":true,"href":"https:\/\/www.radioamigavallenar.cl\/index.php?rest_route=%2Fwp%2Fv2%2Fcomments&post=25874"}],"version-history":[{"count":0,"href":"https:\/\/www.radioamigavallenar.cl\/index.php?rest_route=\/wp\/v2\/posts\/25874\/revisions"}],"wp:featuredmedia":[{"embeddable":true,"href":"https:\/\/www.radioamigavallenar.cl\/index.php?rest_route=\/wp\/v2\/media\/25875"}],"wp:attachment":[{"href":"https:\/\/www.radioamigavallenar.cl\/index.php?rest_route=%2Fwp%2Fv2%2Fmedia&parent=25874"}],"wp:term":[{"taxonomy":"category","embeddable":true,"href":"https:\/\/www.radioamigavallenar.cl\/index.php?rest_route=%2Fwp%2Fv2%2Fcategories&post=25874"},{"taxonomy":"post_tag","embeddable":true,"href":"https:\/\/www.radioamigavallenar.cl\/index.php?rest_route=%2Fwp%2Fv2%2Ftags&post=25874"}],"curies":[{"name":"wp","href":"https:\/\/api.w.org\/{rel}","templated":true}]}}