{"id":25872,"date":"2020-06-26T07:34:10","date_gmt":"2020-06-26T11:34:10","guid":{"rendered":"https:\/\/www.radioamigavallenar.cl\/?p=25872"},"modified":"2020-06-26T07:34:11","modified_gmt":"2020-06-26T11:34:11","slug":"diputada-daniella-cicardini-senalo-que-invitaran-a-cochilco-luego-de-conocerse-un-pre-informe-del-organismo-que-ratificaria-sobrecostos-en-licitacion-de-la-estatal-en-division-salvador","status":"publish","type":"post","link":"https:\/\/www.radioamigavallenar.cl\/?p=25872","title":{"rendered":"Diputada Daniella Cicardini se\u00f1al\u00f3 que invitar\u00e1n a Cochilco luego de conocerse un pre informe del organismo que ratificar\u00eda sobrecostos en licitaci\u00f3n de la estatal en Divisi\u00f3n Salvador."},"content":{"rendered":"\n<div class=\"wp-block-image\"><figure class=\"aligncenter size-large\"><img loading=\"lazy\" decoding=\"async\" width=\"1024\" height=\"682\" src=\"https:\/\/www.radioamigavallenar.cl\/wp-content\/uploads\/2020\/05\/daniella-cicardini-scaled-1-1024x682.jpg\" alt=\"\" class=\"wp-image-24311\" srcset=\"https:\/\/www.radioamigavallenar.cl\/wp-content\/uploads\/2020\/05\/daniella-cicardini-scaled-1-1024x682.jpg 1024w, https:\/\/www.radioamigavallenar.cl\/wp-content\/uploads\/2020\/05\/daniella-cicardini-scaled-1-300x200.jpg 300w, https:\/\/www.radioamigavallenar.cl\/wp-content\/uploads\/2020\/05\/daniella-cicardini-scaled-1-768x511.jpg 768w, https:\/\/www.radioamigavallenar.cl\/wp-content\/uploads\/2020\/05\/daniella-cicardini-scaled-1-1536x1022.jpg 1536w, https:\/\/www.radioamigavallenar.cl\/wp-content\/uploads\/2020\/05\/daniella-cicardini-scaled-1-2048x1363.jpg 2048w\" sizes=\"auto, (max-width: 1024px) 100vw, 1024px\" \/><\/figure><\/div>\n\n\n\n<p>La diputada\u00a0Daniella Cicardini\u00a0afirm\u00f3 que\u00a0estar\u00edan ante \u201cun enorme\u00a0perjuicio a la empresa m\u00e1s grande del Estado\u201d, luego de conocer la informaci\u00f3n de prensa que cita un nuevo informe preliminar de Cochilco, ratificando un sobrecosto de US$ 48 millones por la licitaci\u00f3n de movimiento de material mina y planta en la Divisi\u00f3n El Salvador de Codelco.<\/p>\n\n\n\n<p>La parlamentaria socialista, que presidi\u00f3 en 2019 una\u00a0Comisi\u00f3n Especial Investigadora sobre el tema, a partir de\u00a0denuncias de sindicatos de trabajadores ante irregularidades en el proceso\u00a0que adjudic\u00f3 el servicio de maquinarias, dijo:<\/p>\n\n\n\n<p>\u201cUna vez m\u00e1s\u00a0estamos ante un mal manejo de los recursos de la Divisi\u00f3n el Salvador.\u00a0 El tiempo\u00a0le\u00a0sigue dando la raz\u00f3n a los trabajadores\u00a0respecto a sus denuncias y su justificada\u00a0preocupaci\u00f3n sobre\u00a0el da\u00f1o a Codelco y este despilfarro millonario de recursos de todos los chilenos y chilenas, sobre todo hoy, cuando son tan necesarios todo los recursos posibles para enfrentar una pandemia\u00bb.<\/p>\n\n\n\n<p>\u201cIndigna pero\u00a0no sorprende; es como una cr\u00f3nica de un perjuicio anunciado a la empresa m\u00e1s grande del Estado, en su divisi\u00f3n m\u00e1s peque\u00f1a. Y por lo que hemos visto puede ser\u00a0solo la punta del iceberg\u201d.<\/p>\n\n\n\n<p>\u201cYo me pregunto qui\u00e9n responde,\u00a0qui\u00e9n asumir\u00e1 la responsabilidad de este da\u00f1o a Codelco, porque hasta ahora\u00a0los \u00fanicos perjudicados han sido los trabajadores y una empresa que es de todos \u00a0chilenos y chilenas.\u00a0Por lo que yo espero que esto no quede as\u00ed y se apliquen las sanciones que correspondan. Me sorprende los\u00a0 integrantes del directorio digan que se sienten enga\u00f1ados, cuando\u00a0la propia empresa descart\u00f3 en un inicio tajantemente p\u00e9rdidas, porque seg\u00fan ellos lo licitado se reasign\u00f3 a otras divisiones\u00bb, afirm\u00f3 la parlamentaria.<\/p>\n","protected":false},"excerpt":{"rendered":"<p>La diputada\u00a0Daniella Cicardini\u00a0afirm\u00f3 que\u00a0estar\u00edan ante \u201cun enorme\u00a0perjuicio a la empresa m\u00e1s grande del Estado\u201d, luego de conocer la informaci\u00f3n de prensa que cita un nuevo&hellip; <\/p>\n","protected":false},"author":2,"featured_media":24311,"comment_status":"open","ping_status":"closed","sticky":false,"template":"","format":"standard","meta":{"footnotes":""},"categories":[7,34,1],"tags":[],"class_list":["post-25872","post","type-post","status-publish","format-standard","has-post-thumbnail","hentry","category-atacama","category-mineria","category-provincia-del-huasco-2"],"_links":{"self":[{"href":"https:\/\/www.radioamigavallenar.cl\/index.php?rest_route=\/wp\/v2\/posts\/25872","targetHints":{"allow":["GET"]}}],"collection":[{"href":"https:\/\/www.radioamigavallenar.cl\/index.php?rest_route=\/wp\/v2\/posts"}],"about":[{"href":"https:\/\/www.radioamigavallenar.cl\/index.php?rest_route=\/wp\/v2\/types\/post"}],"author":[{"embeddable":true,"href":"https:\/\/www.radioamigavallenar.cl\/index.php?rest_route=\/wp\/v2\/users\/2"}],"replies":[{"embeddable":true,"href":"https:\/\/www.radioamigavallenar.cl\/index.php?rest_route=%2Fwp%2Fv2%2Fcomments&post=25872"}],"version-history":[{"count":0,"href":"https:\/\/www.radioamigavallenar.cl\/index.php?rest_route=\/wp\/v2\/posts\/25872\/revisions"}],"wp:featuredmedia":[{"embeddable":true,"href":"https:\/\/www.radioamigavallenar.cl\/index.php?rest_route=\/wp\/v2\/media\/24311"}],"wp:attachment":[{"href":"https:\/\/www.radioamigavallenar.cl\/index.php?rest_route=%2Fwp%2Fv2%2Fmedia&parent=25872"}],"wp:term":[{"taxonomy":"category","embeddable":true,"href":"https:\/\/www.radioamigavallenar.cl\/index.php?rest_route=%2Fwp%2Fv2%2Fcategories&post=25872"},{"taxonomy":"post_tag","embeddable":true,"href":"https:\/\/www.radioamigavallenar.cl\/index.php?rest_route=%2Fwp%2Fv2%2Ftags&post=25872"}],"curies":[{"name":"wp","href":"https:\/\/api.w.org\/{rel}","templated":true}]}}