{"id":25868,"date":"2020-06-26T07:28:54","date_gmt":"2020-06-26T11:28:54","guid":{"rendered":"https:\/\/www.radioamigavallenar.cl\/?p=25868"},"modified":"2020-06-26T07:28:55","modified_gmt":"2020-06-26T11:28:55","slug":"diputado-noman-y-proyectos-en-beneficio-de-adultos-mayores-este-grupo-de-la-poblacion-merece-todo-nuestro-apoyo-y-esfuerzo-para-ir-en-ayuda-de-ellos","status":"publish","type":"post","link":"https:\/\/www.radioamigavallenar.cl\/?p=25868","title":{"rendered":"Diputado Noman y proyectos en beneficio de Adultos Mayores: \u201cEste grupo de la poblaci\u00f3n merece todo nuestro apoyo y esfuerzo para ir en ayuda de ellos\u201d"},"content":{"rendered":"\n<div class=\"wp-block-image\"><figure class=\"aligncenter size-large\"><img loading=\"lazy\" decoding=\"async\" width=\"783\" height=\"562\" src=\"https:\/\/www.radioamigavallenar.cl\/wp-content\/uploads\/2020\/06\/FOTO-NOMAN-HABLANDO-POR-CEL.jpg\" alt=\"\" class=\"wp-image-25869\" srcset=\"https:\/\/www.radioamigavallenar.cl\/wp-content\/uploads\/2020\/06\/FOTO-NOMAN-HABLANDO-POR-CEL.jpg 783w, https:\/\/www.radioamigavallenar.cl\/wp-content\/uploads\/2020\/06\/FOTO-NOMAN-HABLANDO-POR-CEL-300x215.jpg 300w, https:\/\/www.radioamigavallenar.cl\/wp-content\/uploads\/2020\/06\/FOTO-NOMAN-HABLANDO-POR-CEL-768x551.jpg 768w\" sizes=\"auto, (max-width: 783px) 100vw, 783px\" \/><\/figure><\/div>\n\n\n\n<p>Son dos iniciativas que buscan generar una campa\u00f1a de concientizaci\u00f3n masiva para evitar la violencia hacia este grupo etario y la rebaja del 50% en el transporte p\u00fablico.<\/p>\n\n\n\n<p>El diputado Nicol\u00e1s Noman valor\u00f3 las dos iniciativas que se llevan adelante en materia de Adultos Mayores, una que busca fortalecer la protecci\u00f3n de este grupo de chileno durante el per\u00edodo de cuarentena; y el segundo, la rebaja del 50% en el transporte p\u00fablico.<\/p>\n\n\n\n<p>El primero de ellos explic\u00f3 el parlamentario por Atacama fue aprobado ayer por la C\u00e1mara Baja y busca generar una campa\u00f1a medi\u00e1tica para promover el buen trato y evitar, a toda cosa, la violencia intrafamiliar hacia este grupo etario.<\/p>\n\n\n\n<p>\u201cDesde nuestra Bancada hemos propuesto la difusi\u00f3n de una campa\u00f1a en medios de comunicaci\u00f3n que ayude a la concientizaci\u00f3n masiva de la poblaci\u00f3n. Sabemos que la violencia contra nuestros adultos mayores requiere un cambio cultural que traspasa las fronteras de los tiempos covid, pero es necesario hacerlo ahora, por el encierro y los problemas de salud que est\u00e1n sufriendo\u201d, argument\u00f3 el diputado.<\/p>\n\n\n\n<p>Noman alert\u00f3 que hay evidencia emp\u00edrica de un aumento en los casos de vulneraci\u00f3n de derechos, \u201cdonde solo en el Servicio Nacional del Adulto Mayor (Senama) han aumentado en un 300 por ciento la cantidad de denuncias entre marzo y mayo, situaci\u00f3n que es muy grave y que debemos seguir con atenci\u00f3n\u201d, puntualiz\u00f3.<\/p>\n\n\n\n<p class=\"has-text-align-center\"><strong>Rebaja en el transporte p\u00fablico<\/strong><\/p>\n\n\n\n<p>Asimismo, en otra materia tambi\u00e9n en relaci\u00f3n a los adultos mayores, el diputado Noman se refiri\u00f3 a la rebaja del 50% en el transporte p\u00fablico para este grupo etario, iniciativa que comenzar\u00e1 a regir a partir del 1 de julio.<\/p>\n\n\n\n<p>\u201cEn el mes de noviembre, en el marco del acuerdo social entre el gobierno y la oposici\u00f3n, fijamos como prioridad esta medida que hab\u00eda sido ampliamente solicitada por nuestros adultos mayores, porque sabemos que las pensiones que reciben son insuficientes. Hoy estamos cumpliendo este compromiso, que en Atacama beneficiar\u00e1 a miles de adultos mayores\u201d, coment\u00f3 el legislador.<\/p>\n\n\n\n<p>La medida ser\u00e1 autom\u00e1tica para todos los mayores a 65 a\u00f1os en cualquier regi\u00f3n del pa\u00eds, sin necesidad de residencia en un lugar espec\u00edfico.<\/p>\n\n\n\n<p>\u201cTodos estos cambios apuntan a mejorar la calidad de vida de nuestros adultos mayores, pero sabemos que todav\u00eda son insuficientes. Una agenda m\u00e1s integral, con \u00e9nfasis en las pensiones, es el camino que debemos tomar\u201d, finaliz\u00f3 el diputado Nicol\u00e1s Noman.<\/p>\n\n\n\n<figure class=\"wp-block-audio\"><audio controls src=\"https:\/\/www.radioamigavallenar.cl\/wp-content\/uploads\/2020\/06\/Nicolas-Noman.mp3\"><\/audio><\/figure>\n","protected":false},"excerpt":{"rendered":"<p>Son dos iniciativas que buscan generar una campa\u00f1a de concientizaci\u00f3n masiva para evitar la violencia hacia este grupo etario y la rebaja del 50% en&hellip; <\/p>\n","protected":false},"author":2,"featured_media":25869,"comment_status":"open","ping_status":"closed","sticky":false,"template":"","format":"standard","meta":{"footnotes":""},"categories":[7,1],"tags":[],"class_list":["post-25868","post","type-post","status-publish","format-standard","has-post-thumbnail","hentry","category-atacama","category-provincia-del-huasco-2"],"_links":{"self":[{"href":"https:\/\/www.radioamigavallenar.cl\/index.php?rest_route=\/wp\/v2\/posts\/25868","targetHints":{"allow":["GET"]}}],"collection":[{"href":"https:\/\/www.radioamigavallenar.cl\/index.php?rest_route=\/wp\/v2\/posts"}],"about":[{"href":"https:\/\/www.radioamigavallenar.cl\/index.php?rest_route=\/wp\/v2\/types\/post"}],"author":[{"embeddable":true,"href":"https:\/\/www.radioamigavallenar.cl\/index.php?rest_route=\/wp\/v2\/users\/2"}],"replies":[{"embeddable":true,"href":"https:\/\/www.radioamigavallenar.cl\/index.php?rest_route=%2Fwp%2Fv2%2Fcomments&post=25868"}],"version-history":[{"count":0,"href":"https:\/\/www.radioamigavallenar.cl\/index.php?rest_route=\/wp\/v2\/posts\/25868\/revisions"}],"wp:featuredmedia":[{"embeddable":true,"href":"https:\/\/www.radioamigavallenar.cl\/index.php?rest_route=\/wp\/v2\/media\/25869"}],"wp:attachment":[{"href":"https:\/\/www.radioamigavallenar.cl\/index.php?rest_route=%2Fwp%2Fv2%2Fmedia&parent=25868"}],"wp:term":[{"taxonomy":"category","embeddable":true,"href":"https:\/\/www.radioamigavallenar.cl\/index.php?rest_route=%2Fwp%2Fv2%2Fcategories&post=25868"},{"taxonomy":"post_tag","embeddable":true,"href":"https:\/\/www.radioamigavallenar.cl\/index.php?rest_route=%2Fwp%2Fv2%2Ftags&post=25868"}],"curies":[{"name":"wp","href":"https:\/\/api.w.org\/{rel}","templated":true}]}}