{"id":25866,"date":"2020-06-26T07:24:43","date_gmt":"2020-06-26T11:24:43","guid":{"rendered":"https:\/\/www.radioamigavallenar.cl\/?p=25866"},"modified":"2020-06-26T07:24:44","modified_gmt":"2020-06-26T11:24:44","slug":"diputado-santana-presento-proyecto-que-garantiza-medidas-de-seguridad-en-faenas-mineras-durante-pandemia","status":"publish","type":"post","link":"https:\/\/www.radioamigavallenar.cl\/?p=25866","title":{"rendered":"Diputado Santana present\u00f3 proyecto que garantiza medidas de seguridad en faenas mineras durante pandemia."},"content":{"rendered":"\n<div class=\"wp-block-image\"><figure class=\"aligncenter size-large\"><img loading=\"lazy\" decoding=\"async\" width=\"800\" height=\"533\" src=\"https:\/\/www.radioamigavallenar.cl\/wp-content\/uploads\/2020\/04\/Santana-Congreso-e1585776968534.jpg\" alt=\"\" class=\"wp-image-22710\" srcset=\"https:\/\/www.radioamigavallenar.cl\/wp-content\/uploads\/2020\/04\/Santana-Congreso-e1585776968534.jpg 800w, https:\/\/www.radioamigavallenar.cl\/wp-content\/uploads\/2020\/04\/Santana-Congreso-e1585776968534-300x200.jpg 300w, https:\/\/www.radioamigavallenar.cl\/wp-content\/uploads\/2020\/04\/Santana-Congreso-e1585776968534-768x512.jpg 768w\" sizes=\"auto, (max-width: 800px) 100vw, 800px\" \/><\/figure><\/div>\n\n\n\n<p><strong>El parlamentario por Atacama present\u00f3 esta iniciativa que va en resguardo de las y los trabajadores para no colocar su salud en riesgo durante la jornada laboral, sobre todo en momentos donde el coronavirus sigue presente.<\/strong><\/p>\n\n\n\n<p>El diputado por la regi\u00f3n de Atacama, Juan Santana, present\u00f3 un proyecto de ley que garantiza medidas de seguridad preventiva para la integridad de trabajadores y trabajadoras que desarrollan sus labores en faenas mineras.<\/p>\n\n\n\n<p>Al respecto, el legislador indic\u00f3 que \u201cse establece la obligaci\u00f3n de adoptar medidas sanitarias que sean necesarias para garantizar la seguridad, las que deber\u00e1n incorporarse expresamente en el reglamento interno\u201d.<\/p>\n\n\n\n<p>Santana explic\u00f3 en qu\u00e9 consisten estas acciones. \u201cHabr\u00e1 que emplear elementos de protecci\u00f3n personal, control de temperatura al ingreso y salida del turno, sanitizaci\u00f3n de las \u00e1reas de trabajo expuestas en el establecimiento respectivo, en los veh\u00edculos de traslados, ajustes en la duraci\u00f3n de turnos, cambio de mascarillas de protecci\u00f3n con filtro N95, FFP2 o equivalentes cada seis horas, la realizaci\u00f3n de test de PCR o test r\u00e1pidos de anticuerpos, cuarentena preventiva en caso sospecha de infecci\u00f3n, informaci\u00f3n sobre registros de viajes y traslados de trabajadores a su domicilio o residencia y la capacitaci\u00f3n para el uso correcto de los elementos de protecci\u00f3n personal y los riesgos al retiro de tales insumos\u201d.<\/p>\n\n\n\n<p>Para cerrar, el diputado se\u00f1al\u00f3 que \u201ces fundamental resguardar la salud de los trabajadores y trabajadoras de la miner\u00eda especialmente en un contexto donde el coronavirus ya hemos visto que se ha ido propagando con facilidad. Es hora de actuar preventivamente\u201d.<\/p>\n","protected":false},"excerpt":{"rendered":"<p>El parlamentario por Atacama present\u00f3 esta iniciativa que va en resguardo de las y los trabajadores para no colocar su salud en riesgo durante la&hellip; <\/p>\n","protected":false},"author":2,"featured_media":22710,"comment_status":"open","ping_status":"closed","sticky":false,"template":"","format":"standard","meta":{"footnotes":""},"categories":[7,34],"tags":[],"class_list":["post-25866","post","type-post","status-publish","format-standard","has-post-thumbnail","hentry","category-atacama","category-mineria"],"_links":{"self":[{"href":"https:\/\/www.radioamigavallenar.cl\/index.php?rest_route=\/wp\/v2\/posts\/25866","targetHints":{"allow":["GET"]}}],"collection":[{"href":"https:\/\/www.radioamigavallenar.cl\/index.php?rest_route=\/wp\/v2\/posts"}],"about":[{"href":"https:\/\/www.radioamigavallenar.cl\/index.php?rest_route=\/wp\/v2\/types\/post"}],"author":[{"embeddable":true,"href":"https:\/\/www.radioamigavallenar.cl\/index.php?rest_route=\/wp\/v2\/users\/2"}],"replies":[{"embeddable":true,"href":"https:\/\/www.radioamigavallenar.cl\/index.php?rest_route=%2Fwp%2Fv2%2Fcomments&post=25866"}],"version-history":[{"count":0,"href":"https:\/\/www.radioamigavallenar.cl\/index.php?rest_route=\/wp\/v2\/posts\/25866\/revisions"}],"wp:featuredmedia":[{"embeddable":true,"href":"https:\/\/www.radioamigavallenar.cl\/index.php?rest_route=\/wp\/v2\/media\/22710"}],"wp:attachment":[{"href":"https:\/\/www.radioamigavallenar.cl\/index.php?rest_route=%2Fwp%2Fv2%2Fmedia&parent=25866"}],"wp:term":[{"taxonomy":"category","embeddable":true,"href":"https:\/\/www.radioamigavallenar.cl\/index.php?rest_route=%2Fwp%2Fv2%2Fcategories&post=25866"},{"taxonomy":"post_tag","embeddable":true,"href":"https:\/\/www.radioamigavallenar.cl\/index.php?rest_route=%2Fwp%2Fv2%2Ftags&post=25866"}],"curies":[{"name":"wp","href":"https:\/\/api.w.org\/{rel}","templated":true}]}}