{"id":25724,"date":"2020-06-23T11:36:00","date_gmt":"2020-06-23T15:36:00","guid":{"rendered":"https:\/\/www.radioamigavallenar.cl\/?p=25724"},"modified":"2020-06-23T13:02:46","modified_gmt":"2020-06-23T17:02:46","slug":"gobierno-inicia-proceso-cierre-de-centrales-a-carbon-para-transicion-justa","status":"publish","type":"post","link":"https:\/\/www.radioamigavallenar.cl\/?p=25724","title":{"rendered":"Gobierno inicia proceso Cierre de centrales a carb\u00f3n para Transici\u00f3n Justa."},"content":{"rendered":"\n<div class=\"wp-block-image\"><figure class=\"aligncenter size-large\"><img loading=\"lazy\" decoding=\"async\" width=\"525\" height=\"310\" src=\"https:\/\/www.radioamigavallenar.cl\/wp-content\/uploads\/2020\/06\/23-06.jpg\" alt=\"\" class=\"wp-image-25725\" srcset=\"https:\/\/www.radioamigavallenar.cl\/wp-content\/uploads\/2020\/06\/23-06.jpg 525w, https:\/\/www.radioamigavallenar.cl\/wp-content\/uploads\/2020\/06\/23-06-300x177.jpg 300w\" sizes=\"auto, (max-width: 525px) 100vw, 525px\" \/><\/figure><\/div>\n\n\n\n<p><strong>El ministro de Energ\u00eda, Juan Carlos Jobet, junto a las ministras de Medio Ambiente, Carolina Schmidt, y Trabajo, Mar\u00eda Jos\u00e9 Zald\u00edvar, lanz\u00f3 el proceso de elaboraci\u00f3n de la Estrategia de Transici\u00f3n Justa en energ\u00eda.<\/strong><strong><\/strong><\/p>\n\n\n\n<p>Jobet destac\u00f3 que \u201cla transici\u00f3n hacia una matriz energ\u00e9tica m\u00e1s limpia y nuestro compromiso hacia la carbono neutralidad al 2050, es una tremenda oportunidad para mejorar la calidad de vida de los chilenos, pero no hay que olvidar que en estas zonas muchas personas est\u00e1n vinculadas laboralmente a estas centrales, por lo que debemos resguardar los derechos de los m\u00e1s vulnerables\u201d.<\/p>\n\n\n\n<p>Como parte del inicio del proceso para elaborar la estrategia de Transici\u00f3n Justa en energ\u00eda, se llev\u00f3 a cabo un panel con representantes del mundo sindical, la academia, las empresas y la Organizaci\u00f3n Internacional del Trabajo<\/p>\n\n\n\n<p>El\u00a0ministro de Energ\u00eda, Juan Carlos Jobet, junto a las ministras del Trabajo, Mar\u00eda Jos\u00e9 Zald\u00edvar, y Medio Ambiente, Carolina Schmidt, lanz\u00f3 el proceso de elaboraci\u00f3n de la Estrategia de Transici\u00f3n Justa en energ\u00eda.<\/p>\n\n\n\n<p>Esta estrategia se enmarca en las acciones del compromiso para retirar todas las centrales de generaci\u00f3n a carb\u00f3n al 2040, con una primera fase al 2024, y la actualizaci\u00f3n de la NDC de Chile.<\/p>\n\n\n\n<p>\u201cEntre diciembre del a\u00f1o pasado y hoy, se ha adelantado la fecha de cierre de 8 centrales a carb\u00f3n en zonas altamente industrializadas. Para el 2024 esperamos que ese n\u00famero se incremente a 11, las que representan el 31% de la capacidad de generaci\u00f3n a carb\u00f3n. Es un imperativo \u00e9tico que abordemos la descarbonizaci\u00f3n con especial cuidado y preocupaci\u00f3n por las comunidades de las zonas donde est\u00e1n ubicadas dichas centrales\u201d, explic\u00f3 el ministro Jobet.&nbsp;<\/p>\n\n\n\n<p>Agreg\u00f3 que \u201cla transici\u00f3n hacia una matriz energ\u00e9tica m\u00e1s limpia y nuestro compromiso hacia la carbono neutralidad al 2050, es una tremenda oportunidad para mejorar la calidad de vida de los chilenos, pero no hay que olvidar que en estas zonas muchas personas est\u00e1n vinculadas laboralmente a estas centrales, por lo que debemos resguardar los derechos de los m\u00e1s vulnerables: aquellas personas y familias que han entregado tanto por nuestro pa\u00eds\u201d.<\/p>\n\n\n\n<p>El sector energ\u00e9tico se ha destacado durante varios a\u00f1os por elaborar sus estrategias y hojas de ruta de forma colaborativa y participativa. En este contexto, para la elaboraci\u00f3n de esta estrategia de transici\u00f3n justa energ\u00e9tica se llevar\u00e1n a cabo instancias de participaci\u00f3n y di\u00e1logo que convocar\u00e1n a diversos actores de la sociedad, gobiernos locales y representaci\u00f3n sindical, empresas, ONGs y organizaciones de las comunas involucradas.<\/p>\n\n\n\n<p>\u201cDebemos construir colaborativamente una visi\u00f3n, objetivos y acciones espec\u00edficas que permitan llevar a cabo una transici\u00f3n energ\u00e9tica justa y sustentable que se haga cargo de los desaf\u00edos sociales, territoriales y ambientales del proceso\u201d, coment\u00f3 el Titular de Energ\u00eda.<\/p>\n\n\n\n<p>Por su parte, la ministra\u00a0Carolina Schmidt, explic\u00f3 que \u201cpara establecer metas intermedias camino a la neutralidad 2050, Chile present\u00f3 la actualizaci\u00f3n de su NDC, entre cuyos seis ejes de acci\u00f3n, destaca la incorporaci\u00f3n por primera vez de un pilar social que permea los compromisos de mitigaci\u00f3n, adaptaci\u00f3n e integraci\u00f3n, estableciendo un proceso de transici\u00f3n justa que resguarde los derechos de los m\u00e1s vulnerables en el proceso de descarbonizaci\u00f3n de la matriz energ\u00e9tica\u201d.<\/p>\n\n\n\n<p>En tanto, la Titular del Trabajo,&nbsp;<strong>Mar\u00eda Jos\u00e9 Zald\u00edvar&nbsp;<\/strong>destac\u00f3 que \u201csi bien el cambio a la producci\u00f3n de energ\u00edas m\u00e1s limpias es un camino sin retorno, en este proceso todos debemos actuar con el mayor cuidado para proteger a los trabajadores involucrados en este proceso. A ellos buscamos protegerlos y darles todas las herramientas para que se puedan capacitar y recolocar en otras actividades econ\u00f3micas, y as\u00ed no afectar a sus familias y a las comunidades a las cuales pertenecen\u201d.<\/p>\n\n\n\n<p>Durante la presentaci\u00f3n, se llev\u00f3 a cabo un panel con Carlos N\u00fa\u00f1ez, representante sindical de la mesa de retiro y reconversi\u00f3n de centrales a carb\u00f3n; Ana S\u00e1nchez, especialista regional en Empleo Verde Organizaci\u00f3n Internacional del Trabajo (OIT); Maisa Rojas, directora CR2 y coordinadora cient\u00edfica COP25, y Claudio Seebach, presidente Ejecutivo de Generadoras de Chile.<\/p>\n","protected":false},"excerpt":{"rendered":"<p>El ministro de Energ\u00eda, Juan Carlos Jobet, junto a las ministras de Medio Ambiente, Carolina Schmidt, y Trabajo, Mar\u00eda Jos\u00e9 Zald\u00edvar, lanz\u00f3 el proceso de&hellip; <\/p>\n","protected":false},"author":2,"featured_media":25725,"comment_status":"open","ping_status":"closed","sticky":false,"template":"","format":"standard","meta":{"footnotes":""},"categories":[37],"tags":[],"class_list":["post-25724","post","type-post","status-publish","format-standard","has-post-thumbnail","hentry","category-nacional"],"_links":{"self":[{"href":"https:\/\/www.radioamigavallenar.cl\/index.php?rest_route=\/wp\/v2\/posts\/25724","targetHints":{"allow":["GET"]}}],"collection":[{"href":"https:\/\/www.radioamigavallenar.cl\/index.php?rest_route=\/wp\/v2\/posts"}],"about":[{"href":"https:\/\/www.radioamigavallenar.cl\/index.php?rest_route=\/wp\/v2\/types\/post"}],"author":[{"embeddable":true,"href":"https:\/\/www.radioamigavallenar.cl\/index.php?rest_route=\/wp\/v2\/users\/2"}],"replies":[{"embeddable":true,"href":"https:\/\/www.radioamigavallenar.cl\/index.php?rest_route=%2Fwp%2Fv2%2Fcomments&post=25724"}],"version-history":[{"count":0,"href":"https:\/\/www.radioamigavallenar.cl\/index.php?rest_route=\/wp\/v2\/posts\/25724\/revisions"}],"wp:featuredmedia":[{"embeddable":true,"href":"https:\/\/www.radioamigavallenar.cl\/index.php?rest_route=\/wp\/v2\/media\/25725"}],"wp:attachment":[{"href":"https:\/\/www.radioamigavallenar.cl\/index.php?rest_route=%2Fwp%2Fv2%2Fmedia&parent=25724"}],"wp:term":[{"taxonomy":"category","embeddable":true,"href":"https:\/\/www.radioamigavallenar.cl\/index.php?rest_route=%2Fwp%2Fv2%2Fcategories&post=25724"},{"taxonomy":"post_tag","embeddable":true,"href":"https:\/\/www.radioamigavallenar.cl\/index.php?rest_route=%2Fwp%2Fv2%2Ftags&post=25724"}],"curies":[{"name":"wp","href":"https:\/\/api.w.org\/{rel}","templated":true}]}}