{"id":25718,"date":"2020-06-23T12:12:38","date_gmt":"2020-06-23T16:12:38","guid":{"rendered":"https:\/\/www.radioamigavallenar.cl\/?p=25718"},"modified":"2020-06-23T12:19:29","modified_gmt":"2020-06-23T16:19:29","slug":"gobernadora-de-la-provincia-del-huasco-nelly-galeb-destaco-las-nuevas-medidas-implementadas-por-el-gobierno","status":"publish","type":"post","link":"https:\/\/www.radioamigavallenar.cl\/?p=25718","title":{"rendered":"Gobernadora de la Provincia del Huasco Nelly Galeb destac\u00f3 las nuevas medidas implementadas por el Gobierno."},"content":{"rendered":"\n<div class=\"wp-block-image\"><figure class=\"aligncenter size-large\"><img loading=\"lazy\" decoding=\"async\" width=\"800\" height=\"445\" src=\"https:\/\/www.radioamigavallenar.cl\/wp-content\/uploads\/2020\/06\/Gobernadora-del-Huasco-destac\u00f3-800x445-1.jpg\" alt=\"\" class=\"wp-image-25719\" srcset=\"https:\/\/www.radioamigavallenar.cl\/wp-content\/uploads\/2020\/06\/Gobernadora-del-Huasco-destac\u00f3-800x445-1.jpg 800w, https:\/\/www.radioamigavallenar.cl\/wp-content\/uploads\/2020\/06\/Gobernadora-del-Huasco-destac\u00f3-800x445-1-300x167.jpg 300w, https:\/\/www.radioamigavallenar.cl\/wp-content\/uploads\/2020\/06\/Gobernadora-del-Huasco-destac\u00f3-800x445-1-768x427.jpg 768w\" sizes=\"auto, (max-width: 800px) 100vw, 800px\" \/><\/figure><\/div>\n\n\n\n<p>En medio de una constante que ha sido la t\u00f3nica del trabajo de las \u00faltimas semanas por parte del Gobierno en la Provincia del Huasco, relacionada con llegar hasta los sectores m\u00e1s apartados del territorio con la ayuda necesaria para mitigar los efectos de la pandemia por el Covid19 que ha azotado fuertemente en muchos hogares del pa\u00eds, la Gobernadora Nelly Galeb destac\u00f3 la importancia que este tipo de acciones representan para el bienestar y la tranquilidad de muchas familias, \u201cSin duda que es un aporte que no soluciona mayormente el problema que les afecta pero es una gran ayuda y en la cual hay un gran esfuerzo del Gobierno y de un gran equipo de trabajo, de muchas personas que est\u00e1n trabajando en ello\u201d.<\/p>\n\n\n\n<p>Conceptos relevados por la Autoridad de Gobierno al momento de comentar las nuevas medidas que ha implementado el Gobierno, fundamentalmente que apuntan en la necesidad de apoyar econ\u00f3micamente a las familias chilenas, \u201cEl Presidente de la Rep\u00fablica, promulgo&nbsp; recientemente dos importantes proyectos de ley que ampl\u00edan&nbsp; la Red de Protecci\u00f3n Social&nbsp; y que busca&nbsp; apoyar a las personas&nbsp; durante la crisis sanitaria que hoy afecta al pa\u00eds y al mundo entero.&nbsp; Ampliar el monto y los beneficios&nbsp; del Ingreso Familiar de Emergencia, como as\u00ed tambi\u00e9n promulgar un beneficio importante para los trabajadores a honorarios.<\/p>\n\n\n\n<p>Cabe se\u00f1alar que el IFE 2.0 parte del acuerdo transversal promovido por el Presidente Sebastian Pi\u00f1era por la protecci\u00f3n social y la recuperaci\u00f3n del empleo, cambia su dise\u00f1o para actuar como un complemento a los ingresos actuales del grupo familiar, buscando proveer ingresos de emergencia a las familias e incentivar a que sus integrantes puedan respetar las cuarentenas y quedarse en casa.<\/p>\n\n\n\n<p>\u201cSin duda, una ayuda muy necesaria, urgente y que representa un esfuerzo pa\u00eds que permite ir en ayuda de muchas familias que viven momentos muy dif\u00edciles\u201d, destac\u00f3 la Gobernadora.<\/p>\n\n\n\n<p>El ingreso familiar de emergencia 2.0 forma parte del plan econ\u00f3mico del Presidente Pi\u00f1era para los pr\u00f3ximos 24 meses, que contempla un fondo de 12 mil millones de d\u00f3lares, y que ha sido conversado con distinto sectores pol\u00edticos para llevar adelante esta iniciativa. El aporte 2.0 del ingreso familiar de emergencia lo que hace es aumentar el n\u00famero de familias que pueden recibirlo y tambi\u00e9n aumentar el momento que recibir\u00e1n las familias.<\/p>\n\n\n\n<p>Puede alcanzar los 100 mil pesos por integrante de un grupo familiar, y en una familia de 4 integrantes llegar a un piso m\u00ednimo de 400 mil pesos mensuales por familia.<\/p>\n\n\n\n<p>Nelly Galeb, destac\u00f3 el esfuerzo que est\u00e1 realizando el Gobierno, como as\u00ed tambi\u00e9n reconoci\u00f3 el esfuerzo que muchos sectores tambi\u00e9n est\u00e1n realizando por llegar con la ayuda que cada familia requiere, \u201cNecesitamos hoy m\u00e1s que nunca estar unidos frente a la adversidad, nuestra gente nos necesita a todos\u201d.<\/p>\n","protected":false},"excerpt":{"rendered":"<p>En medio de una constante que ha sido la t\u00f3nica del trabajo de las \u00faltimas semanas por parte del Gobierno en la Provincia del Huasco,&hellip; <\/p>\n","protected":false},"author":2,"featured_media":25719,"comment_status":"open","ping_status":"closed","sticky":false,"template":"","format":"standard","meta":{"footnotes":""},"categories":[7,1],"tags":[],"class_list":["post-25718","post","type-post","status-publish","format-standard","has-post-thumbnail","hentry","category-atacama","category-provincia-del-huasco-2"],"_links":{"self":[{"href":"https:\/\/www.radioamigavallenar.cl\/index.php?rest_route=\/wp\/v2\/posts\/25718","targetHints":{"allow":["GET"]}}],"collection":[{"href":"https:\/\/www.radioamigavallenar.cl\/index.php?rest_route=\/wp\/v2\/posts"}],"about":[{"href":"https:\/\/www.radioamigavallenar.cl\/index.php?rest_route=\/wp\/v2\/types\/post"}],"author":[{"embeddable":true,"href":"https:\/\/www.radioamigavallenar.cl\/index.php?rest_route=\/wp\/v2\/users\/2"}],"replies":[{"embeddable":true,"href":"https:\/\/www.radioamigavallenar.cl\/index.php?rest_route=%2Fwp%2Fv2%2Fcomments&post=25718"}],"version-history":[{"count":0,"href":"https:\/\/www.radioamigavallenar.cl\/index.php?rest_route=\/wp\/v2\/posts\/25718\/revisions"}],"wp:featuredmedia":[{"embeddable":true,"href":"https:\/\/www.radioamigavallenar.cl\/index.php?rest_route=\/wp\/v2\/media\/25719"}],"wp:attachment":[{"href":"https:\/\/www.radioamigavallenar.cl\/index.php?rest_route=%2Fwp%2Fv2%2Fmedia&parent=25718"}],"wp:term":[{"taxonomy":"category","embeddable":true,"href":"https:\/\/www.radioamigavallenar.cl\/index.php?rest_route=%2Fwp%2Fv2%2Fcategories&post=25718"},{"taxonomy":"post_tag","embeddable":true,"href":"https:\/\/www.radioamigavallenar.cl\/index.php?rest_route=%2Fwp%2Fv2%2Ftags&post=25718"}],"curies":[{"name":"wp","href":"https:\/\/api.w.org\/{rel}","templated":true}]}}