{"id":2532,"date":"2016-10-05T09:58:38","date_gmt":"2016-10-05T12:58:38","guid":{"rendered":"http:\/\/www.radioamigavallenar.cl\/?p=2532"},"modified":"2016-10-05T10:00:01","modified_gmt":"2016-10-05T13:00:01","slug":"cartera-de-proyectos-en-atacama-supera-el-presupuesto-del-gobierno-regional","status":"publish","type":"post","link":"https:\/\/www.radioamigavallenar.cl\/?p=2532","title":{"rendered":"Cartera de proyectos en Atacama supera el presupuesto del Gobierno Regional"},"content":{"rendered":"<div id=\"m_-1500398600063186369yui_3_16_0_ym19_1_1474995427081_226741\">\n<p><a href=\"http:\/\/www.radioamigavallenar.cl\/wp-content\/uploads\/2016\/10\/Nota-Core.jpg\"><img loading=\"lazy\" decoding=\"async\" class=\" size-medium wp-image-2533 aligncenter\" src=\"http:\/\/www.radioamigavallenar.cl\/wp-content\/uploads\/2016\/10\/Nota-Core-300x124.jpg\" alt=\"nota-core\" width=\"300\" height=\"124\" srcset=\"https:\/\/www.radioamigavallenar.cl\/wp-content\/uploads\/2016\/10\/Nota-Core-300x124.jpg 300w, https:\/\/www.radioamigavallenar.cl\/wp-content\/uploads\/2016\/10\/Nota-Core.jpg 700w\" sizes=\"auto, (max-width: 300px) 100vw, 300px\" \/><\/a><\/p>\n<p><em><strong><span id=\"m_-1500398600063186369yui_3_16_0_ym19_1_1474995427081_225900\">No obstante ello hospitales de Huasco y Diego de Almagro, as\u00ed como la posta rural El Salado, prioridades dentro del convenio de programaci\u00f3n con Salud, se ejecutar\u00e1n durante este Gobierno<\/span><\/strong><\/em><\/p>\n<p style=\"text-align: justify;\">Con el prop\u00f3sito de aclarar y despejar cierta informaci\u00f3n aparecida en la prensa respecto a la ejecuci\u00f3n presupuestaria, la comisi\u00f3n de Inversiones del Consejo Regional de Atacama se reuni\u00f3 con funcionarios del Gobierno Regional, del Ministerio de Salud y del Ministerio de Obras P\u00fablicas.<\/p>\n<\/div>\n<div style=\"text-align: justify;\"><\/div>\n<div id=\"m_-1500398600063186369yui_3_16_0_ym19_1_1474995427081_225906\" style=\"text-align: justify;\"><span id=\"m_-1500398600063186369yui_3_16_0_ym19_1_1474995427081_225907\">La idea seg\u00fan dijo el presidente de dicha comisi\u00f3n, consejero Gabriel M\u00e1nquez, fue conocer de parte de los representantes de estos servicios la situaci\u00f3n presupuestaria a la fecha, y al mismo tiempo el estado de avance de los convenios de programaci\u00f3n de estos dos importantes sectores.<\/span><\/div>\n<div style=\"text-align: justify;\"><\/div>\n<div id=\"m_-1500398600063186369yui_3_16_0_ym19_1_1474995427081_225909\" style=\"text-align: justify;\"><span id=\"m_-1500398600063186369yui_3_16_0_ym19_1_1474995427081_225910\">Seg\u00fan lo manifestado por la representante del Ministerio de Salud, el convenio de programaci\u00f3n que existe con el Gobierno Regional de Atacama se cumplir\u00e1 en los t\u00e9rminos establecidos, en particular con lo que dice relaci\u00f3n con la construcci\u00f3n de los hospitales de Huasco y Diego de Almagro. \u201cLa directora del Servicio de Salud nos asegur\u00f3 que se cumplir\u00e1 con el convenio de programaci\u00f3n y los hospitales de Huasco y Diego de Almagro se ejecutar\u00e1n durante el per\u00edodo de este Gobierno. La misma situaci\u00f3n ocurrir\u00e1 con la posta rural de El Salado que es prioridad dentro de este convenio de programaci\u00f3n\u201d. Sentenci\u00f3 el consejero M\u00e1nquez.<\/span><\/div>\n<div style=\"text-align: justify;\"><\/div>\n<div id=\"m_-1500398600063186369yui_3_16_0_ym19_1_1474995427081_225912\" style=\"text-align: justify;\"><span id=\"m_-1500398600063186369yui_3_16_0_ym19_1_1474995427081_225913\">Respecto al convenio de programaci\u00f3n con Obras P\u00fablicas, el presidente de la comisi\u00f3n de Inversiones coment\u00f3 que tambi\u00e9n contin\u00faa con su desarrollo y dentro de sus prioridades sigue el paso San Francisco y la ruta minera, no obstante se requiere del apoyo de los parlamentarios para apalancar m\u00e1s recursos FNDR y cumplir con todos los proyectos contenidos en este convenio. \u201cCreemos que es necesario e importante que los parlamentarios de la zona se comprometan con la gente de Atacama y soliciten m\u00e1s recursos para regi\u00f3n, m\u00e1s que tener una visi\u00f3n cr\u00edtica del gasto del presupuesto y hablar de qu\u00e9 se ha hecho mal o dejado de hacer, desde su tribuna en el Parlamento deben luchar y gestionar por apalancar m\u00e1s recursos para la regi\u00f3n\u201d. Manifest\u00f3 M\u00e1nquez.<\/span><\/div>\n<div style=\"text-align: justify;\"><\/div>\n<div id=\"m_-1500398600063186369yui_3_16_0_ym19_1_1474995427081_225915\" style=\"text-align: justify;\"><b id=\"m_-1500398600063186369yui_3_16_0_ym19_1_1474995427081_225916\"><span id=\"m_-1500398600063186369yui_3_16_0_ym19_1_1474995427081_225917\">D\u00e9ficit de recursos<\/span><\/b><span id=\"m_-1500398600063186369yui_3_16_0_ym19_1_1474995427081_225918\"> <b id=\"m_-1500398600063186369yui_3_16_0_ym19_1_1474995427081_225919\">FNDR<\/b><\/span><\/div>\n<div style=\"text-align: justify;\"><\/div>\n<div id=\"m_-1500398600063186369yui_3_16_0_ym19_1_1474995427081_225921\" style=\"text-align: justify;\"><span id=\"m_-1500398600063186369yui_3_16_0_ym19_1_1474995427081_225922\">El presidente del Core, consejero Luis Ruiz manifest\u00f3 su preocupaci\u00f3n por la situaci\u00f3n presupuestaria de la regi\u00f3n y el d\u00e9ficit de recursos que existe para materializar las diversas iniciativas contenidas en la abultada cartera. \u201cEstamos preocupados por la situaci\u00f3n presupuestaria, sabemos que hay proyectos de arrastre que vienen de a\u00f1os y tambi\u00e9n del gobierno anterior. Hoy hay 54 mil millones de pesos para la ejecuci\u00f3n de estos proyectos, sin embargo se requiere de 68 mil millones de pesos para poder materializar el cumplimiento de esta aumentada cartera. Por tanto tenemos que reconocer que no hay plata para ejecutar todos los proyectos, decisi\u00f3n que debe asumir el intendente en su calidad de ejecutivo del Gobierno Regional\u201d. Se\u00f1al\u00f3 el presidente del Core.<\/span><\/div>\n<div style=\"text-align: justify;\"><\/div>\n<div id=\"m_-1500398600063186369yui_3_16_0_ym19_1_1474995427081_225924\" style=\"text-align: justify;\"><span id=\"m_-1500398600063186369yui_3_16_0_ym19_1_1474995427081_225925\">Por su parte, el consejero Javier Castillo quien tambi\u00e9n fue muy cr\u00edtico al referirse a la ejecuci\u00f3n presupuestaria, la cual si bien es cierto -a la fecha- ha sido la mejor en los \u00faltimos a\u00f1os, su preocupaci\u00f3n radica en el d\u00e9ficit de recursos que tiene la regi\u00f3n para ejecutar la totalidad de los proyectos aprobados. \u201cNosotros quisi\u00e9ramos que se ejecutaran todas las iniciativas, pero es responsabilidad del intendente decir qu\u00e9 proyectos no se podr\u00e1n ejecutar por falta de presupuesto. Tambi\u00e9n existe una corresponsabilidad de los Parlamentarios en presionar y gestionar con el Ministerio de Hacienda m\u00e1s recursos para regi\u00f3n\u201d. Sentenci\u00f3 Castillo.<\/span><\/div>\n<div style=\"text-align: justify;\"><\/div>\n<div id=\"m_-1500398600063186369yui_3_16_0_ym19_1_1474995427081_225942\" dir=\"ltr\" style=\"text-align: justify;\"><span id=\"m_-1500398600063186369yui_3_16_0_ym19_1_1474995427081_225926\" style=\"font-family: 'Times New Roman';\"><\/span><span id=\"m_-1500398600063186369yui_3_16_0_ym19_1_1474995427081_225927\">Finalmente, los consejeros integrantes de la comisi\u00f3n de Inversiones junto con emplazar al intendente a decir qu\u00e9 iniciativas quedar\u00e1n fuera de la ejecuci\u00f3n presupuestaria, reiteraron su llamado a todos los parlamentarios de Atacama a unir esfuerzos para la discusi\u00f3n presupuestaria del 2017.<\/span><\/div>\n","protected":false},"excerpt":{"rendered":"<p>No obstante ello hospitales de Huasco y Diego de Almagro, as\u00ed como la posta rural El Salado, prioridades dentro del convenio de programaci\u00f3n con Salud,&hellip; <\/p>\n","protected":false},"author":2,"featured_media":2533,"comment_status":"open","ping_status":"closed","sticky":false,"template":"","format":"standard","meta":{"footnotes":""},"categories":[7],"tags":[],"class_list":["post-2532","post","type-post","status-publish","format-standard","has-post-thumbnail","hentry","category-atacama"],"_links":{"self":[{"href":"https:\/\/www.radioamigavallenar.cl\/index.php?rest_route=\/wp\/v2\/posts\/2532","targetHints":{"allow":["GET"]}}],"collection":[{"href":"https:\/\/www.radioamigavallenar.cl\/index.php?rest_route=\/wp\/v2\/posts"}],"about":[{"href":"https:\/\/www.radioamigavallenar.cl\/index.php?rest_route=\/wp\/v2\/types\/post"}],"author":[{"embeddable":true,"href":"https:\/\/www.radioamigavallenar.cl\/index.php?rest_route=\/wp\/v2\/users\/2"}],"replies":[{"embeddable":true,"href":"https:\/\/www.radioamigavallenar.cl\/index.php?rest_route=%2Fwp%2Fv2%2Fcomments&post=2532"}],"version-history":[{"count":0,"href":"https:\/\/www.radioamigavallenar.cl\/index.php?rest_route=\/wp\/v2\/posts\/2532\/revisions"}],"wp:featuredmedia":[{"embeddable":true,"href":"https:\/\/www.radioamigavallenar.cl\/index.php?rest_route=\/wp\/v2\/media\/2533"}],"wp:attachment":[{"href":"https:\/\/www.radioamigavallenar.cl\/index.php?rest_route=%2Fwp%2Fv2%2Fmedia&parent=2532"}],"wp:term":[{"taxonomy":"category","embeddable":true,"href":"https:\/\/www.radioamigavallenar.cl\/index.php?rest_route=%2Fwp%2Fv2%2Fcategories&post=2532"},{"taxonomy":"post_tag","embeddable":true,"href":"https:\/\/www.radioamigavallenar.cl\/index.php?rest_route=%2Fwp%2Fv2%2Ftags&post=2532"}],"curies":[{"name":"wp","href":"https:\/\/api.w.org\/{rel}","templated":true}]}}