{"id":2528,"date":"2016-10-05T09:52:56","date_gmt":"2016-10-05T12:52:56","guid":{"rendered":"http:\/\/www.radioamigavallenar.cl\/?p=2528"},"modified":"2016-10-05T09:52:56","modified_gmt":"2016-10-05T12:52:56","slug":"carabineros-de-atacama-premia-a-sus-mejores-hombres","status":"publish","type":"post","link":"https:\/\/www.radioamigavallenar.cl\/?p=2528","title":{"rendered":"Carabineros de Atacama premia a sus mejores hombres"},"content":{"rendered":"<p style=\"text-align: justify;\"><a href=\"http:\/\/www.radioamigavallenar.cl\/wp-content\/uploads\/2016\/10\/Carabineros-reconocimiento.jpg\"><img loading=\"lazy\" decoding=\"async\" class=\" size-medium wp-image-2529 aligncenter\" src=\"http:\/\/www.radioamigavallenar.cl\/wp-content\/uploads\/2016\/10\/Carabineros-reconocimiento-300x218.jpg\" alt=\"carabineros-reconocimiento\" width=\"300\" height=\"218\" srcset=\"https:\/\/www.radioamigavallenar.cl\/wp-content\/uploads\/2016\/10\/Carabineros-reconocimiento-300x218.jpg 300w, https:\/\/www.radioamigavallenar.cl\/wp-content\/uploads\/2016\/10\/Carabineros-reconocimiento.jpg 700w\" sizes=\"auto, (max-width: 300px) 100vw, 300px\" \/><\/a><\/p>\n<p style=\"text-align: justify;\"><em><strong>Carabineros destac\u00f3 a un oficial y suboficial por desempe\u00f1o profesional operativo.<\/strong><\/em><\/p>\n<p style=\"text-align: justify;\"><span lang=\"ES\"><span style=\"color: #000000;\">En una ceremonia realizada en las dependencias de la Prefectura de Atacama y con la presencia de la plana mayor de la III Zona de Carabineros y el Gobernador Provincial de Copiap\u00f3 Mario Rivas Silva se entreg\u00f3 este reconocimiento a ambos funcionarios nominados como los mejores de entre sus pares.<\/span><\/span><\/p>\n<p style=\"text-align: justify;\">Fue el Jefe de Zona, General Jorge Bohle Barahona quien entreg\u00f3 esta distinci\u00f3n al Suboficial Carlos Enrique Aravena Arrojo, por su alto esp\u00edritu de servicio p\u00fablico y destacada labor en el combate a la delincuencia.<\/p>\n<p style=\"text-align: justify;\">De igual manera, se hizo acreedor a este reconocimiento el comisario de la Cuarta Comisar\u00eda El Salvador, Mayor Francisco Guzm\u00e1n Mu\u00f1oz, quien por razones de salud no concurri\u00f3 a dicha ceremonia y en su representaci\u00f3n recibi\u00f3 la distinci\u00f3n el Subcomisario de los servicios Capit\u00e1n Hern\u00e1n Mella Ortiz. Entreg\u00f3 dicho reconocimiento el Prefecto de Atacama, Coronel Joanis Peralta Touchie.<\/p>\n<p style=\"text-align: justify;\">En representaci\u00f3n del Gobierno estuvieron presentes en esta ceremonia el Gobernador Provincia de Copiap\u00f3, Mario Rivas y el coordinador regional de Prevenci\u00f3n del Delito Carlos Olivares, para agradecer y felicitar a los homenajeados y a trav\u00e9s de ellos a todos los Carabineros de Atacama, quienes desempe\u00f1an su trabajo con cari\u00f1o, afecto y tambi\u00e9n con mucho sacrificio y compromiso. Muestra de ello es el reconocimiento ciudadano, factor muy importante para quienes tienen la misi\u00f3n de dar eficacia al derecho.<\/p>\n","protected":false},"excerpt":{"rendered":"<p>Carabineros destac\u00f3 a un oficial y suboficial por desempe\u00f1o profesional operativo. En una ceremonia realizada en las dependencias de la Prefectura de Atacama y con&hellip; <\/p>\n","protected":false},"author":2,"featured_media":2529,"comment_status":"open","ping_status":"closed","sticky":false,"template":"","format":"standard","meta":{"footnotes":""},"categories":[6],"tags":[],"class_list":["post-2528","post","type-post","status-publish","format-standard","has-post-thumbnail","hentry","category-policial"],"_links":{"self":[{"href":"https:\/\/www.radioamigavallenar.cl\/index.php?rest_route=\/wp\/v2\/posts\/2528","targetHints":{"allow":["GET"]}}],"collection":[{"href":"https:\/\/www.radioamigavallenar.cl\/index.php?rest_route=\/wp\/v2\/posts"}],"about":[{"href":"https:\/\/www.radioamigavallenar.cl\/index.php?rest_route=\/wp\/v2\/types\/post"}],"author":[{"embeddable":true,"href":"https:\/\/www.radioamigavallenar.cl\/index.php?rest_route=\/wp\/v2\/users\/2"}],"replies":[{"embeddable":true,"href":"https:\/\/www.radioamigavallenar.cl\/index.php?rest_route=%2Fwp%2Fv2%2Fcomments&post=2528"}],"version-history":[{"count":0,"href":"https:\/\/www.radioamigavallenar.cl\/index.php?rest_route=\/wp\/v2\/posts\/2528\/revisions"}],"wp:featuredmedia":[{"embeddable":true,"href":"https:\/\/www.radioamigavallenar.cl\/index.php?rest_route=\/wp\/v2\/media\/2529"}],"wp:attachment":[{"href":"https:\/\/www.radioamigavallenar.cl\/index.php?rest_route=%2Fwp%2Fv2%2Fmedia&parent=2528"}],"wp:term":[{"taxonomy":"category","embeddable":true,"href":"https:\/\/www.radioamigavallenar.cl\/index.php?rest_route=%2Fwp%2Fv2%2Fcategories&post=2528"},{"taxonomy":"post_tag","embeddable":true,"href":"https:\/\/www.radioamigavallenar.cl\/index.php?rest_route=%2Fwp%2Fv2%2Ftags&post=2528"}],"curies":[{"name":"wp","href":"https:\/\/api.w.org\/{rel}","templated":true}]}}