{"id":25276,"date":"2020-06-13T09:53:54","date_gmt":"2020-06-13T13:53:54","guid":{"rendered":"https:\/\/www.radioamigavallenar.cl\/?p=25276"},"modified":"2020-06-13T09:53:56","modified_gmt":"2020-06-13T13:53:56","slug":"direccion-del-trabajo-fiscalizo-supermercado-santa-isabel-en-vallenar-donde-dos-trabajadores-se-contagiaron-de-covid-19","status":"publish","type":"post","link":"https:\/\/www.radioamigavallenar.cl\/?p=25276","title":{"rendered":"Direcci\u00f3n del Trabajo fiscaliz\u00f3 Supermercado Santa Isabel en Vallenar, donde dos trabajadores se contagiaron de Covid-19"},"content":{"rendered":"\n<div class=\"wp-block-image\"><figure class=\"aligncenter size-large\"><img loading=\"lazy\" decoding=\"async\" width=\"1024\" height=\"768\" src=\"https:\/\/www.radioamigavallenar.cl\/wp-content\/uploads\/2020\/06\/12.06.2020-Foto-Vallenar-Supermercado-Santa-Isabel1.-.jpg\" alt=\"\" class=\"wp-image-25277\" srcset=\"https:\/\/www.radioamigavallenar.cl\/wp-content\/uploads\/2020\/06\/12.06.2020-Foto-Vallenar-Supermercado-Santa-Isabel1.-.jpg 1024w, https:\/\/www.radioamigavallenar.cl\/wp-content\/uploads\/2020\/06\/12.06.2020-Foto-Vallenar-Supermercado-Santa-Isabel1.--300x225.jpg 300w, https:\/\/www.radioamigavallenar.cl\/wp-content\/uploads\/2020\/06\/12.06.2020-Foto-Vallenar-Supermercado-Santa-Isabel1.--768x576.jpg 768w\" sizes=\"auto, (max-width: 1024px) 100vw, 1024px\" \/><\/figure><\/div>\n\n\n\n<ul class=\"wp-block-list\"><li><strong>Control inspectivo se centr\u00f3 en verificar aplicaci\u00f3n de medidas de higiene y seguridad en el establecimiento.<\/strong><\/li><\/ul>\n\n\n\n<p>Una fiscalizaci\u00f3n de sus condiciones de higiene y seguridad realiz\u00f3 este viernes la Inspecci\u00f3n Provincial del Trabajo Huasco-Vallenar en el supermercado Santa Isabel de esta \u00faltima ciudad.<\/p>\n\n\n\n<p>D\u00edas atr\u00e1s se hab\u00eda informado del contagio por Covid-19 de dos trabajadores del local comercial, lo que motiv\u00f3 al empleador a interrumpir su funcionamiento y, por parte de la Seremi de Salud, a la toma de test PCR para todos sus trabajadores.<\/p>\n\n\n\n<p>Esta ma\u00f1ana el equipo fiscalizador encabezado por la directora regional del Trabajo, Pamela Orellana, lleg\u00f3 hasta el supermercado, el que hab\u00eda sido cerrado por la administraci\u00f3n como una medida preventiva.<\/p>\n\n\n\n<p>Aunque el acto inspectivo a\u00fan no termina, pues el empleador debe entregar documentaci\u00f3n pertinente en los pr\u00f3ximos d\u00edas, durante el recorrido interior del supermercado se constat\u00f3 que ya hab\u00edan sido adoptadas medidas de prevenci\u00f3n.<\/p>\n\n\n\n<p>La autoridad explic\u00f3 que, independiente del control sanitario a cargo de la Seremi de Salud, \u201cvinimos hoy para verificar si las medidas de seguridad dispuestas por el C\u00f3digo del Trabajo se estaban cumpliendo, puesto que, ajustadas a la actual emergencia sanitaria, igualmente son eficaces herramientas de protecci\u00f3n de la salud de los trabajadores\u201d.<\/p>\n\n\n\n<p>En efecto, el art\u00edculo 184 de dicho c\u00f3digo normativo obliga al empleador a proteger eficazmente la vida y salud de los trabajadores y a suspender labores o faenas si hay un riesgo inminente.<\/p>\n\n\n\n<p>Una de esas obligaciones consiste en la entrega de elementos de protecci\u00f3n personal que, en las actuales circunstancias, incluye mascarillas, guantes, agua, jab\u00f3n y alcohol gel, entre otros. Asimismo, debe respetarse el derecho a saber el que, en este caso, determina informar peri\u00f3dicamente con se\u00f1al\u00e9ticas o verbalmente a los trabajadores sobre los riesgos a los que est\u00e1n expuestos y las medidas de autocuidado.<\/p>\n\n\n\n<p>Las infracciones laborales de higiene y seguridad son sancionadas con multas de hasta 60 UTM, actualmente poco m\u00e1s de tres millones de pesos.<\/p>\n","protected":false},"excerpt":{"rendered":"<p>Control inspectivo se centr\u00f3 en verificar aplicaci\u00f3n de medidas de higiene y seguridad en el establecimiento. Una fiscalizaci\u00f3n de sus condiciones de higiene y seguridad&hellip; <\/p>\n","protected":false},"author":2,"featured_media":25277,"comment_status":"open","ping_status":"closed","sticky":false,"template":"","format":"standard","meta":{"footnotes":""},"categories":[7,1,2],"tags":[],"class_list":["post-25276","post","type-post","status-publish","format-standard","has-post-thumbnail","hentry","category-atacama","category-provincia-del-huasco-2","category-vallenar"],"_links":{"self":[{"href":"https:\/\/www.radioamigavallenar.cl\/index.php?rest_route=\/wp\/v2\/posts\/25276","targetHints":{"allow":["GET"]}}],"collection":[{"href":"https:\/\/www.radioamigavallenar.cl\/index.php?rest_route=\/wp\/v2\/posts"}],"about":[{"href":"https:\/\/www.radioamigavallenar.cl\/index.php?rest_route=\/wp\/v2\/types\/post"}],"author":[{"embeddable":true,"href":"https:\/\/www.radioamigavallenar.cl\/index.php?rest_route=\/wp\/v2\/users\/2"}],"replies":[{"embeddable":true,"href":"https:\/\/www.radioamigavallenar.cl\/index.php?rest_route=%2Fwp%2Fv2%2Fcomments&post=25276"}],"version-history":[{"count":0,"href":"https:\/\/www.radioamigavallenar.cl\/index.php?rest_route=\/wp\/v2\/posts\/25276\/revisions"}],"wp:featuredmedia":[{"embeddable":true,"href":"https:\/\/www.radioamigavallenar.cl\/index.php?rest_route=\/wp\/v2\/media\/25277"}],"wp:attachment":[{"href":"https:\/\/www.radioamigavallenar.cl\/index.php?rest_route=%2Fwp%2Fv2%2Fmedia&parent=25276"}],"wp:term":[{"taxonomy":"category","embeddable":true,"href":"https:\/\/www.radioamigavallenar.cl\/index.php?rest_route=%2Fwp%2Fv2%2Fcategories&post=25276"},{"taxonomy":"post_tag","embeddable":true,"href":"https:\/\/www.radioamigavallenar.cl\/index.php?rest_route=%2Fwp%2Fv2%2Ftags&post=25276"}],"curies":[{"name":"wp","href":"https:\/\/api.w.org\/{rel}","templated":true}]}}