{"id":25273,"date":"2020-06-13T09:52:30","date_gmt":"2020-06-13T13:52:30","guid":{"rendered":"https:\/\/www.radioamigavallenar.cl\/?p=25273"},"modified":"2020-06-13T09:52:33","modified_gmt":"2020-06-13T13:52:33","slug":"camara-minera-de-chile-realizara-conversatorio-sobre-mineria-submarina","status":"publish","type":"post","link":"https:\/\/www.radioamigavallenar.cl\/?p=25273","title":{"rendered":"C\u00e1mara Minera de Chile realizar\u00e1 conversatorio sobre miner\u00eda submarina"},"content":{"rendered":"\n<div class=\"wp-block-image\"><figure class=\"aligncenter size-large\"><img loading=\"lazy\" decoding=\"async\" width=\"750\" height=\"400\" src=\"https:\/\/www.radioamigavallenar.cl\/wp-content\/uploads\/2020\/06\/EXPOSITORES-WEBINAR-MINERIA-SUBMARINA.jpg\" alt=\"\" class=\"wp-image-25274\" srcset=\"https:\/\/www.radioamigavallenar.cl\/wp-content\/uploads\/2020\/06\/EXPOSITORES-WEBINAR-MINERIA-SUBMARINA.jpg 750w, https:\/\/www.radioamigavallenar.cl\/wp-content\/uploads\/2020\/06\/EXPOSITORES-WEBINAR-MINERIA-SUBMARINA-300x160.jpg 300w\" sizes=\"auto, (max-width: 750px) 100vw, 750px\" \/><\/figure><\/div>\n\n\n\n<p><strong>Manuel Viera, presidente del organismo, adelant\u00f3 que \u201ccontaremos con expertos nacionales e internacionales, quienes abordar\u00e1n el tema desde sus respectivos \u00e1mbitos de acci\u00f3n\u201d.<\/strong><\/p>\n\n\n\n<p>Este lunes 15 de junio se llevar\u00e1 a cabo el&nbsp;<a href=\"https:\/\/docs.google.com\/forms\/d\/e\/1FAIpQLSe50qx9nHZxgRz3LFTHBIUZ6JN3VPKbtrpz091fgFQhdVH26Q\/viewform\" target=\"_blank\" rel=\"noreferrer noopener\">webinar \u201cMiner\u00eda Submarina\u201d<\/a>, que es organizado por la&nbsp;C\u00e1mara Minera de Chile, como parte de su ciclo de seminarios virtuales.<\/p>\n\n\n\n<p>Manuel Viera, presidente del organismo, destac\u00f3 que \u201ccontaremos con&nbsp;expertos nacionales e internacionales, quienes abordar\u00e1n el tema desde sus respectivos \u00e1mbitos de acci\u00f3n. Entre ellos tendremos a estudiosos del tema, expertos en la legislaci\u00f3n sobre fondos marinos e investigadores\u201d.<\/p>\n\n\n\n<p>Es as\u00ed como la actividad contar\u00e1 con las exposiciones de&nbsp;Guillermo Ugarte, Ing. Civil de Minas U. de Chile y miembro de la Delegaci\u00f3n de Chile a la 3\u00aa Conferencia de las Naciones Unidas sobre el Derecho del Mar (1973-1982) que redact\u00f3 la vigente Convenci\u00f3n de la Ley del Mar. Adem\u00e1s, desde Espa\u00f1a se contar\u00e1 con la presentaci\u00f3n del&nbsp;Dr. F. Javier Gonz\u00e1lez,&nbsp;investigador de la Divisi\u00f3n de Geolog\u00eda Marina del Instituto Geol\u00f3gico y Minero de Espa\u00f1a (IGME), que tiene dentro de sus objetivos cient\u00edficos la exploraci\u00f3n de sistemas contornitos, minerales submarinos y recursos energ\u00e9ticos, volcanes de fango y sistemas hidrotermales de aguas profundas desde la plataforma hasta el mar profundo (hasta 5.500 m de profundidad).<\/p>\n\n\n\n<p>A ello se sumar\u00e1 la participaci\u00f3n de&nbsp;Sergio Hern\u00e1ndez, director ejecutivo de Aprimin y ex vicepresidente ejecutivo de Cochilco;&nbsp;Giovanny Andrade,&nbsp;presidente de la C\u00e1mara Ecuatoriana Chilena de Miner\u00eda, experto en miner\u00eda financiera, quien se referir\u00e1 al proyecto Ostional de Ecuador; y&nbsp;Sandor Mulsow,&nbsp;PhD Geolog\u00eda Marina, Boston University Marine, entre otros.<\/p>\n","protected":false},"excerpt":{"rendered":"<p>Manuel Viera, presidente del organismo, adelant\u00f3 que \u201ccontaremos con expertos nacionales e internacionales, quienes abordar\u00e1n el tema desde sus respectivos \u00e1mbitos de acci\u00f3n\u201d. Este lunes&hellip; <\/p>\n","protected":false},"author":2,"featured_media":25274,"comment_status":"open","ping_status":"closed","sticky":false,"template":"","format":"standard","meta":{"footnotes":""},"categories":[34,37],"tags":[],"class_list":["post-25273","post","type-post","status-publish","format-standard","has-post-thumbnail","hentry","category-mineria","category-nacional"],"_links":{"self":[{"href":"https:\/\/www.radioamigavallenar.cl\/index.php?rest_route=\/wp\/v2\/posts\/25273","targetHints":{"allow":["GET"]}}],"collection":[{"href":"https:\/\/www.radioamigavallenar.cl\/index.php?rest_route=\/wp\/v2\/posts"}],"about":[{"href":"https:\/\/www.radioamigavallenar.cl\/index.php?rest_route=\/wp\/v2\/types\/post"}],"author":[{"embeddable":true,"href":"https:\/\/www.radioamigavallenar.cl\/index.php?rest_route=\/wp\/v2\/users\/2"}],"replies":[{"embeddable":true,"href":"https:\/\/www.radioamigavallenar.cl\/index.php?rest_route=%2Fwp%2Fv2%2Fcomments&post=25273"}],"version-history":[{"count":0,"href":"https:\/\/www.radioamigavallenar.cl\/index.php?rest_route=\/wp\/v2\/posts\/25273\/revisions"}],"wp:featuredmedia":[{"embeddable":true,"href":"https:\/\/www.radioamigavallenar.cl\/index.php?rest_route=\/wp\/v2\/media\/25274"}],"wp:attachment":[{"href":"https:\/\/www.radioamigavallenar.cl\/index.php?rest_route=%2Fwp%2Fv2%2Fmedia&parent=25273"}],"wp:term":[{"taxonomy":"category","embeddable":true,"href":"https:\/\/www.radioamigavallenar.cl\/index.php?rest_route=%2Fwp%2Fv2%2Fcategories&post=25273"},{"taxonomy":"post_tag","embeddable":true,"href":"https:\/\/www.radioamigavallenar.cl\/index.php?rest_route=%2Fwp%2Fv2%2Ftags&post=25273"}],"curies":[{"name":"wp","href":"https:\/\/api.w.org\/{rel}","templated":true}]}}