{"id":25270,"date":"2020-06-13T09:50:55","date_gmt":"2020-06-13T13:50:55","guid":{"rendered":"https:\/\/www.radioamigavallenar.cl\/?p=25270"},"modified":"2020-06-13T09:50:56","modified_gmt":"2020-06-13T13:50:56","slug":"sag-invita-a-ocupar-su-plataformas-online","status":"publish","type":"post","link":"https:\/\/www.radioamigavallenar.cl\/?p=25270","title":{"rendered":"SAG invita a ocupar su plataformas online"},"content":{"rendered":"\n<div class=\"wp-block-image\"><figure class=\"aligncenter size-large\"><img loading=\"lazy\" decoding=\"async\" width=\"750\" height=\"400\" src=\"https:\/\/www.radioamigavallenar.cl\/wp-content\/uploads\/2020\/06\/sag-plataformas-online.jpg\" alt=\"\" class=\"wp-image-25271\" srcset=\"https:\/\/www.radioamigavallenar.cl\/wp-content\/uploads\/2020\/06\/sag-plataformas-online.jpg 750w, https:\/\/www.radioamigavallenar.cl\/wp-content\/uploads\/2020\/06\/sag-plataformas-online-300x160.jpg 300w\" sizes=\"auto, (max-width: 750px) 100vw, 750px\" \/><\/figure><\/div>\n\n\n\n<p><strong>Como una forma de facilitar el acceso de&nbsp;los usuarios\/as a diversos tr\u00e1mites, el Servicio Agr\u00edcola y Ganadero, SAG, est\u00e1 llamando a utilizar las plataformas online dispuestas para ellos.<\/strong><\/p>\n\n\n\n<p>En este sentido, desde hace pocos d\u00edas es posible tramitar digitalmente proyectos de Subdivisi\u00f3n de Predios R\u00fasticos (SPR) mediante el portal Cerofilas,&nbsp;https:\/\/sag.cerofilas.gob.cl, en&nbsp;el cual, y contando con Clave \u00danica, es posible ingresar esta solicitud.&nbsp;El usuario\/a puede hacer un seguimiento al estado de avance de su solicitud, as\u00ed como descargar el certificado al t\u00e9rmino del proceso.<\/p>\n\n\n\n<p>Para el caso de los productores de vides, estos deben&nbsp;registrar sus antecedentes en el nuevo portal Sistema de Registro Agr\u00edcola,&nbsp;http:\/\/sra.sag.gob.cl, donde deben declarar su plantaci\u00f3n en el caso de superficies iguales o superiores a 5.000 m2. de uva de cualquier tipo. Los que ya han declarado en el anterior sistema deben actualizar su informaci\u00f3n en el caso de nuevas plantaciones, injertaciones y\/o arranques.<\/p>\n\n\n\n<p>En tanto, los due\u00f1os de animales de producci\u00f3n, sean vacas, cabras,&nbsp;ovejas,&nbsp;cerdos, caballos, etc., a contar de este a\u00f1o y en forma anual deben realizar la Declaraci\u00f3n de Existencia Animal (DEA), la que es posible hacer en el portal https:\/\/sipecweb.sag.gob.cl. Para ello los recintos de animales deben estar registrados ante el SAG y poseer Rol \u00danico Pecuario (RUP).<\/p>\n\n\n\n<p>Desde la instituci\u00f3n se\u00f1alaron que en el portal Cerofilas del SAG es posible adem\u00e1s acceder a otros tr\u00e1mites disponibles de forma online, como el de inicio de actividades por Ley de Alcoholes o de establecimientos de productos de alimentaci\u00f3n animal, entre otros. Cualquier consulta puede hacerse a los fonos 522 220516 en Copiap\u00f3 o 512 611567 en Vallenar, o enviando un correo a contacto.acatacama@sag.gob.cl.<\/p>\n\n\n\n<p>Al respecto, el Director Nacional del SAG, Horacio B\u00f3rquez, se\u00f1al\u00f3 que \u201ceste es el camino de modernizaci\u00f3n que ha emprendido nuestro Servicio no solo frente a la situaci\u00f3n sanitaria que enfrentamos hoy por el Covid-19, sino que estamos buscando herramientas que nos permitan un salto importante en la mejora continua de nuestra gesti\u00f3n y de nuestros procedimientos, contribuyendo al objetivo de gobierno de consolidar la transformaci\u00f3n digital como una pol\u00edtica de Estado\u201d.<\/p>\n","protected":false},"excerpt":{"rendered":"<p>Como una forma de facilitar el acceso de&nbsp;los usuarios\/as a diversos tr\u00e1mites, el Servicio Agr\u00edcola y Ganadero, SAG, est\u00e1 llamando a utilizar las plataformas online&hellip; <\/p>\n","protected":false},"author":2,"featured_media":25271,"comment_status":"open","ping_status":"closed","sticky":false,"template":"","format":"standard","meta":{"footnotes":""},"categories":[7,37],"tags":[],"class_list":["post-25270","post","type-post","status-publish","format-standard","has-post-thumbnail","hentry","category-atacama","category-nacional"],"_links":{"self":[{"href":"https:\/\/www.radioamigavallenar.cl\/index.php?rest_route=\/wp\/v2\/posts\/25270","targetHints":{"allow":["GET"]}}],"collection":[{"href":"https:\/\/www.radioamigavallenar.cl\/index.php?rest_route=\/wp\/v2\/posts"}],"about":[{"href":"https:\/\/www.radioamigavallenar.cl\/index.php?rest_route=\/wp\/v2\/types\/post"}],"author":[{"embeddable":true,"href":"https:\/\/www.radioamigavallenar.cl\/index.php?rest_route=\/wp\/v2\/users\/2"}],"replies":[{"embeddable":true,"href":"https:\/\/www.radioamigavallenar.cl\/index.php?rest_route=%2Fwp%2Fv2%2Fcomments&post=25270"}],"version-history":[{"count":0,"href":"https:\/\/www.radioamigavallenar.cl\/index.php?rest_route=\/wp\/v2\/posts\/25270\/revisions"}],"wp:featuredmedia":[{"embeddable":true,"href":"https:\/\/www.radioamigavallenar.cl\/index.php?rest_route=\/wp\/v2\/media\/25271"}],"wp:attachment":[{"href":"https:\/\/www.radioamigavallenar.cl\/index.php?rest_route=%2Fwp%2Fv2%2Fmedia&parent=25270"}],"wp:term":[{"taxonomy":"category","embeddable":true,"href":"https:\/\/www.radioamigavallenar.cl\/index.php?rest_route=%2Fwp%2Fv2%2Fcategories&post=25270"},{"taxonomy":"post_tag","embeddable":true,"href":"https:\/\/www.radioamigavallenar.cl\/index.php?rest_route=%2Fwp%2Fv2%2Ftags&post=25270"}],"curies":[{"name":"wp","href":"https:\/\/api.w.org\/{rel}","templated":true}]}}