{"id":25267,"date":"2020-06-13T09:48:02","date_gmt":"2020-06-13T13:48:02","guid":{"rendered":"https:\/\/www.radioamigavallenar.cl\/?p=25267"},"modified":"2020-06-13T09:48:03","modified_gmt":"2020-06-13T13:48:03","slug":"habilitan-residencia-sanitaria-en-ciudad-de-vallenar","status":"publish","type":"post","link":"https:\/\/www.radioamigavallenar.cl\/?p=25267","title":{"rendered":"Habilitan residencia sanitaria en ciudad de Vallenar."},"content":{"rendered":"\n<div class=\"wp-block-image\"><figure class=\"aligncenter size-large\"><img loading=\"lazy\" decoding=\"async\" width=\"800\" height=\"533\" src=\"https:\/\/www.radioamigavallenar.cl\/wp-content\/uploads\/2020\/06\/WhatsApp-Image-2020-06-12-at-11.11.29-800x533-1.jpeg\" alt=\"\" class=\"wp-image-25268\" srcset=\"https:\/\/www.radioamigavallenar.cl\/wp-content\/uploads\/2020\/06\/WhatsApp-Image-2020-06-12-at-11.11.29-800x533-1.jpeg 800w, https:\/\/www.radioamigavallenar.cl\/wp-content\/uploads\/2020\/06\/WhatsApp-Image-2020-06-12-at-11.11.29-800x533-1-300x200.jpeg 300w, https:\/\/www.radioamigavallenar.cl\/wp-content\/uploads\/2020\/06\/WhatsApp-Image-2020-06-12-at-11.11.29-800x533-1-768x512.jpeg 768w\" sizes=\"auto, (max-width: 800px) 100vw, 800px\" \/><\/figure><\/div>\n\n\n\n<p>Buscando resolver la necesidad de personas contagiadas por Covid-19 y que no pueden realizar una cuarentena efectiva en su domicilio, esta ma\u00f1ana comenz\u00f3 a funcionar una nueva residencia sanitaria en la comuna de Vallenar, que cuenta con la capacidad para recibir a 34 personas de la provincia del Huasco.<\/p>\n\n\n\n<p>Anteriormente una persona que no pod\u00eda realizar cuarentena preventiva en su casa,&nbsp;\u201cse iba a Copiap\u00f3, lo que involucraba aspectos psicol\u00f3gicos bastante perjudiciales para el contagiado, como su familia y hoy ya es una realidad\u201d,&nbsp;expres\u00f3 con alegr\u00eda el alcalde de Vallenar, Cristian Tapia Ramos.<\/p>\n\n\n\n<p>Las residencias sanitarias son completamente gratuitas y cuentan con servicio alimenticio y monitoreo de salud para los pacientes, mientras dura su periodo de cuarentena. Son implementadas con recursos del Ministerio de Salud y en este caso ser\u00e1 administrada por el municipio de Vallenar.<\/p>\n\n\n\n<p>\u201cEsta es la primera alianza entre los recursos que instalamos como gobierno y servicio de salud, pero tambi\u00e9n con el trabajo coordinado con el municipio en esta tarea (\u2026) que viene a contribuir al principal objetivo de nuestra gente (\u2026) para que tengan una condici\u00f3n digna para realizar su aislamiento\u201d,&nbsp;manifest\u00f3 el director del Servicio de Salud Atacama, Claudio Baeza Avello.<\/p>\n\n\n\n<p>Respecto a esta alianza el edil vallenarino coment\u00f3 que&nbsp;\u201ctenemos una tremenda recarga de trabajo, pero no ten\u00edamos otra opci\u00f3n (\u2026) as\u00ed que muy contento, porque a pesar de los desencuentros con las autoridades regionales, estas son las cosas que la gente necesita, son acciones y esto es el resultado del buen trabajo y entendimiento entre las autoridades locales y regionales\u201d.<\/p>\n\n\n\n<p>El equipo m\u00e9dico encargado de la residencia estar\u00e1 encabezado por la doctora Mar\u00eda Paz Encina, asesora t\u00e9cnica del departamento de salud municipal de Vallenar.&nbsp;\u201cTenemos un equipo de profesionales de salud en turnos de 12 horas acompa\u00f1ando a los pacientes, ellos se encargan del control de signos vitales de los pacientes y permanente contacto, ya que, si el paciente presentara alguna situaci\u00f3n compleja dentro de su cuadro de coronavirus, ser\u00e1 asistido inmediatamente por m\u00e9dicos que tendremos en la residencia\u201d,&nbsp;explic\u00f3 la profesional.<\/p>\n\n\n\n<p>Finalmente, el intendente de Atacama, Patricio Urquieta Garc\u00eda, manifest\u00f3 que&nbsp;\u201ceste esfuerzo que estamos haciendo a trav\u00e9s del Servicio de Salud junto con el municipio, est\u00e1 dirigido a fortalecer las capacidades regionales para recibir m\u00e1s personas en estas residencias sanitarias y aislar adecuadamente los focos de contagio que ponen en riesgo al resto de la poblaci\u00f3n\u201d.<\/p>\n\n\n\n<p class=\"has-text-align-center\"><strong>\u00bfQui\u00e9nes pueden ingresar a una residencia sanitaria?<\/strong><\/p>\n\n\n\n<p>\u2013 Personas mayores de 18 a\u00f1os.<br>\u2013 Diagn\u00f3stico confirmado de Coronavirus (COVID-19).<br>\u2013 No requieran hospitalizaci\u00f3n.<br>\u2013 Presenten sintomatolog\u00eda respiratoria compensada, al igual que las patolog\u00edas cr\u00f3nicas.<br>\u2013 No tengan dependencia funcional y\/o cognitiva.<br>\u2013 Personas que no cuenten con condiciones para realizar cuarentena, o aislamiento temporal, en sus hogares y que no puedan recibir cuidados en sus domicilios, a saber: hacinamiento, prevenir contagio con familiares que pertenezcan a grupos de riesgos (adultos mayores, personas inmunodeprimidas, personas con problemas respiratorios, entre otros).<\/p>\n\n\n\n<p>M\u00e1s informaci\u00f3n en el tel\u00e9fono:&nbsp;800 726666<\/p>\n","protected":false},"excerpt":{"rendered":"<p>Buscando resolver la necesidad de personas contagiadas por Covid-19 y que no pueden realizar una cuarentena efectiva en su domicilio, esta ma\u00f1ana comenz\u00f3 a funcionar&hellip; <\/p>\n","protected":false},"author":2,"featured_media":25268,"comment_status":"open","ping_status":"closed","sticky":false,"template":"","format":"standard","meta":{"footnotes":""},"categories":[7,2],"tags":[],"class_list":["post-25267","post","type-post","status-publish","format-standard","has-post-thumbnail","hentry","category-atacama","category-vallenar"],"_links":{"self":[{"href":"https:\/\/www.radioamigavallenar.cl\/index.php?rest_route=\/wp\/v2\/posts\/25267","targetHints":{"allow":["GET"]}}],"collection":[{"href":"https:\/\/www.radioamigavallenar.cl\/index.php?rest_route=\/wp\/v2\/posts"}],"about":[{"href":"https:\/\/www.radioamigavallenar.cl\/index.php?rest_route=\/wp\/v2\/types\/post"}],"author":[{"embeddable":true,"href":"https:\/\/www.radioamigavallenar.cl\/index.php?rest_route=\/wp\/v2\/users\/2"}],"replies":[{"embeddable":true,"href":"https:\/\/www.radioamigavallenar.cl\/index.php?rest_route=%2Fwp%2Fv2%2Fcomments&post=25267"}],"version-history":[{"count":0,"href":"https:\/\/www.radioamigavallenar.cl\/index.php?rest_route=\/wp\/v2\/posts\/25267\/revisions"}],"wp:featuredmedia":[{"embeddable":true,"href":"https:\/\/www.radioamigavallenar.cl\/index.php?rest_route=\/wp\/v2\/media\/25268"}],"wp:attachment":[{"href":"https:\/\/www.radioamigavallenar.cl\/index.php?rest_route=%2Fwp%2Fv2%2Fmedia&parent=25267"}],"wp:term":[{"taxonomy":"category","embeddable":true,"href":"https:\/\/www.radioamigavallenar.cl\/index.php?rest_route=%2Fwp%2Fv2%2Fcategories&post=25267"},{"taxonomy":"post_tag","embeddable":true,"href":"https:\/\/www.radioamigavallenar.cl\/index.php?rest_route=%2Fwp%2Fv2%2Ftags&post=25267"}],"curies":[{"name":"wp","href":"https:\/\/api.w.org\/{rel}","templated":true}]}}