{"id":25264,"date":"2020-06-13T09:45:55","date_gmt":"2020-06-13T13:45:55","guid":{"rendered":"https:\/\/www.radioamigavallenar.cl\/?p=25264"},"modified":"2020-06-13T09:45:57","modified_gmt":"2020-06-13T13:45:57","slug":"prochile-atacama-abren-convocatoria-para-diplomado-en-comercio-internacional-vallenar-2020","status":"publish","type":"post","link":"https:\/\/www.radioamigavallenar.cl\/?p=25264","title":{"rendered":"ProChile Atacama: abren convocatoria para \u201cDiplomado en Comercio Internacional Vallenar 2020\u201d"},"content":{"rendered":"\n<div class=\"wp-block-image\"><figure class=\"aligncenter size-large\"><img loading=\"lazy\" decoding=\"async\" width=\"800\" height=\"567\" src=\"https:\/\/www.radioamigavallenar.cl\/wp-content\/uploads\/2020\/06\/diplomado-copiapo-800x567-1.jpg\" alt=\"\" class=\"wp-image-25265\" srcset=\"https:\/\/www.radioamigavallenar.cl\/wp-content\/uploads\/2020\/06\/diplomado-copiapo-800x567-1.jpg 800w, https:\/\/www.radioamigavallenar.cl\/wp-content\/uploads\/2020\/06\/diplomado-copiapo-800x567-1-300x213.jpg 300w, https:\/\/www.radioamigavallenar.cl\/wp-content\/uploads\/2020\/06\/diplomado-copiapo-800x567-1-768x544.jpg 768w\" sizes=\"auto, (max-width: 800px) 100vw, 800px\" \/><\/figure><\/div>\n\n\n\n<h4 class=\"wp-block-heading\">Seminario dictado por expertos y acad\u00e9micos, ser\u00e1 gratuito y se realizar\u00e1 a trav\u00e9s de plataformas virtuales.<\/h4>\n\n\n\n<p>Esta semana la Oficina Regional de ProChile Atacama abri\u00f3 la convocatoria para que empresarios, productores y exportadores locales puedan postular al \u201cDiplomado en Comercio Internacional, Vallenar 2020\u201d, el cual se realizar\u00e1 de manera online.<\/p>\n\n\n\n<p>El seminario administrado por ProChile, ser\u00e1 impartido por la Universidad Cat\u00f3lica de la Sant\u00edsima Concepci\u00f3n, siendo financiado por el Gobierno Regional de Atacama, a trav\u00e9s del programa FNDR \u201cTransferencia Fortalecimiento de la Competitividad Exportadora 2019-2020\u201d.<\/p>\n\n\n\n<p>De acuerdo al Director de la Oficina Regional de ProChile, Juan Noemi Campos, este Diplomado tiene como objetivo proporcionar a los asistentes informaci\u00f3n relevante para iniciar un proceso de exportaci\u00f3n, como el an\u00e1lisis de la empresa, su oferta exportable, la gesti\u00f3n financiera, an\u00e1lisis del mercado, gesti\u00f3n exportadora, dise\u00f1o de plan de negocios y oportunidades comerciales existentes, entre otros.<\/p>\n\n\n\n<p>\u201cPodemos destacar el \u00e9xito del Diplomado realizado en Copiap\u00f3, que comenz\u00f3 de manera presencial pero se adapt\u00f3 exitosamente a la ense\u00f1anza virtual dada la contingencia. Por eso, esperamos que esta segunda versi\u00f3n pueda beneficiar preferentemente a empresarios y productores de la provincia del Huasco, entreg\u00e1ndoles conocimientos de expertos para mejorar sus gestiones comerciales, producci\u00f3n y proyecciones, y de esta manera, aportar para la generaci\u00f3n de trabajo y m\u00e1s empleos en la regi\u00f3n\u201d, indic\u00f3 Noemi.<\/p>\n\n\n\n<p>Cabe indicar que los interesados \u2013 que deber\u00e1n pertenecer a empresas con potencial exportador o exportaciones incipientes de Atacama \u2013 realizar\u00e1n sus clases a trav\u00e9s de la plataforma Zoom, participando cada viernes y s\u00e1bado a partir del 3 de julio hasta el 30 de octubre de este a\u00f1o.<\/p>\n\n\n\n<p>Para postular se debe ingresar a la web oficial de ProChile, y buscar Calendario de Actividades \/ Comercio Internacional Vallenar, e inscribirse (https:\/\/www.prochile.gob.cl\/evento\/diplomado-comercio-internacional-vallenar-region-de-atacama\/). Para mayor informaci\u00f3n contactar al correo&nbsp;ozanoni@prochile.gob.cl&nbsp;y\/o&nbsp;mtoro@prochile.gob.cl&nbsp;y en los fonos (52) 2214106 \u2013 2237019, de la Oficina Regional de ProChile Atacama<\/p>\n","protected":false},"excerpt":{"rendered":"<p>Seminario dictado por expertos y acad\u00e9micos, ser\u00e1 gratuito y se realizar\u00e1 a trav\u00e9s de plataformas virtuales. Esta semana la Oficina Regional de ProChile Atacama abri\u00f3&hellip; <\/p>\n","protected":false},"author":2,"featured_media":25265,"comment_status":"open","ping_status":"closed","sticky":false,"template":"","format":"standard","meta":{"footnotes":""},"categories":[7,2],"tags":[],"class_list":["post-25264","post","type-post","status-publish","format-standard","has-post-thumbnail","hentry","category-atacama","category-vallenar"],"_links":{"self":[{"href":"https:\/\/www.radioamigavallenar.cl\/index.php?rest_route=\/wp\/v2\/posts\/25264","targetHints":{"allow":["GET"]}}],"collection":[{"href":"https:\/\/www.radioamigavallenar.cl\/index.php?rest_route=\/wp\/v2\/posts"}],"about":[{"href":"https:\/\/www.radioamigavallenar.cl\/index.php?rest_route=\/wp\/v2\/types\/post"}],"author":[{"embeddable":true,"href":"https:\/\/www.radioamigavallenar.cl\/index.php?rest_route=\/wp\/v2\/users\/2"}],"replies":[{"embeddable":true,"href":"https:\/\/www.radioamigavallenar.cl\/index.php?rest_route=%2Fwp%2Fv2%2Fcomments&post=25264"}],"version-history":[{"count":0,"href":"https:\/\/www.radioamigavallenar.cl\/index.php?rest_route=\/wp\/v2\/posts\/25264\/revisions"}],"wp:featuredmedia":[{"embeddable":true,"href":"https:\/\/www.radioamigavallenar.cl\/index.php?rest_route=\/wp\/v2\/media\/25265"}],"wp:attachment":[{"href":"https:\/\/www.radioamigavallenar.cl\/index.php?rest_route=%2Fwp%2Fv2%2Fmedia&parent=25264"}],"wp:term":[{"taxonomy":"category","embeddable":true,"href":"https:\/\/www.radioamigavallenar.cl\/index.php?rest_route=%2Fwp%2Fv2%2Fcategories&post=25264"},{"taxonomy":"post_tag","embeddable":true,"href":"https:\/\/www.radioamigavallenar.cl\/index.php?rest_route=%2Fwp%2Fv2%2Ftags&post=25264"}],"curies":[{"name":"wp","href":"https:\/\/api.w.org\/{rel}","templated":true}]}}