{"id":25254,"date":"2020-06-12T12:42:12","date_gmt":"2020-06-12T16:42:12","guid":{"rendered":"https:\/\/www.radioamigavallenar.cl\/?p=25254"},"modified":"2020-06-12T12:42:13","modified_gmt":"2020-06-12T16:42:13","slug":"alcalde-loyola-se-reune-con-defensora-de-la-infancia-para-visibilizar-problematicas-socioambientales","status":"publish","type":"post","link":"https:\/\/www.radioamigavallenar.cl\/?p=25254","title":{"rendered":"Alcalde Loyola se re\u00fane con Defensora de la Infancia para visibilizar problem\u00e1ticas socioambientales"},"content":{"rendered":"\n<div class=\"wp-block-image\"><figure class=\"aligncenter size-large\"><img loading=\"lazy\" decoding=\"async\" width=\"1024\" height=\"768\" src=\"https:\/\/www.radioamigavallenar.cl\/wp-content\/uploads\/2020\/06\/WhatsApp-Image-2020-06-10-at-21.09.21-1024x768.jpeg\" alt=\"\" class=\"wp-image-25255\" srcset=\"https:\/\/www.radioamigavallenar.cl\/wp-content\/uploads\/2020\/06\/WhatsApp-Image-2020-06-10-at-21.09.21-1024x768.jpeg 1024w, https:\/\/www.radioamigavallenar.cl\/wp-content\/uploads\/2020\/06\/WhatsApp-Image-2020-06-10-at-21.09.21-300x225.jpeg 300w, https:\/\/www.radioamigavallenar.cl\/wp-content\/uploads\/2020\/06\/WhatsApp-Image-2020-06-10-at-21.09.21-768x576.jpeg 768w, https:\/\/www.radioamigavallenar.cl\/wp-content\/uploads\/2020\/06\/WhatsApp-Image-2020-06-10-at-21.09.21.jpeg 1280w\" sizes=\"auto, (max-width: 1024px) 100vw, 1024px\" \/><\/figure><\/div>\n\n\n\n<p>Una interesante reuni\u00f3n v\u00eda Zoom sostuvo el alcalde de Huasco, Rodrigo Loyola Morenilla, junto a la senadora Yasna Provoste Campillay, la Defensora de la Infancia, Patricia Mu\u00f1oz y un grupo de colaboradores, para seguir trabajando la estrategia de visualizaci\u00f3n y defensa de nuestros ni\u00f1os, ni\u00f1as y adolescentes frente a la hist\u00f3rica problem\u00e1tica socioambiental de Huasco.<\/p>\n\n\n\n<p>Loyola coment\u00f3 que la reuni\u00f3n busc\u00f3 que se visualice y establezca la verdadera responsabilidad del Estado chileno con las comunidades y territorios impactados ambientalmente y los efectos en los ni\u00f1os por una pol\u00edtica estatal permisiva y abusiva con localidades como Huasco.<\/p>\n\n\n\n<p>Esta es una arista sobre los impactos ambientales y la responsabilidad estatal al autorizar actividades industriales en las tristemente c\u00e9lebres zonas de sacrificio ambiental, que debe ser visibilizada. \u201cEl impacto en nuestros ni\u00f1os y en el per c\u00e1pita de salud y en refuerzos en educaci\u00f3n por lo que mucha literatura cient\u00edfica asocia a la contaminaci\u00f3n, problemas de aprendizaje, mayores afecciones pulmonares deben ser atendidas de modo diferenciado por el Estado con respecto a nuestros ni\u00f1os, como un m\u00ednimo de protecci\u00f3n a sus derechos que vienen siendo afectados desde hace d\u00e9cadas, cuando entre 2003 a 2005 existi\u00f3 saturaci\u00f3n y hasta hoy que a\u00fan nos encontramos en condici\u00f3n de latencia\u201d, afirm\u00f3.<\/p>\n\n\n\n<p>La reuni\u00f3n \u201cpermiti\u00f3 acordar un intercambio de informaci\u00f3n para definir cursos de acci\u00f3n, sea jur\u00eddico, legislativo y pol\u00edtico, para reinstalar el tema de los impactos ambientales en relaci\u00f3n a la infancia y con un perspectiva de Derechos Humanos\u201d, dijo el alcalde de Huasco.<\/p>\n","protected":false},"excerpt":{"rendered":"<p>Una interesante reuni\u00f3n v\u00eda Zoom sostuvo el alcalde de Huasco, Rodrigo Loyola Morenilla, junto a la senadora Yasna Provoste Campillay, la Defensora de la Infancia,&hellip; <\/p>\n","protected":false},"author":2,"featured_media":25255,"comment_status":"open","ping_status":"closed","sticky":false,"template":"","format":"standard","meta":{"footnotes":""},"categories":[4],"tags":[],"class_list":["post-25254","post","type-post","status-publish","format-standard","has-post-thumbnail","hentry","category-huasco"],"_links":{"self":[{"href":"https:\/\/www.radioamigavallenar.cl\/index.php?rest_route=\/wp\/v2\/posts\/25254","targetHints":{"allow":["GET"]}}],"collection":[{"href":"https:\/\/www.radioamigavallenar.cl\/index.php?rest_route=\/wp\/v2\/posts"}],"about":[{"href":"https:\/\/www.radioamigavallenar.cl\/index.php?rest_route=\/wp\/v2\/types\/post"}],"author":[{"embeddable":true,"href":"https:\/\/www.radioamigavallenar.cl\/index.php?rest_route=\/wp\/v2\/users\/2"}],"replies":[{"embeddable":true,"href":"https:\/\/www.radioamigavallenar.cl\/index.php?rest_route=%2Fwp%2Fv2%2Fcomments&post=25254"}],"version-history":[{"count":0,"href":"https:\/\/www.radioamigavallenar.cl\/index.php?rest_route=\/wp\/v2\/posts\/25254\/revisions"}],"wp:featuredmedia":[{"embeddable":true,"href":"https:\/\/www.radioamigavallenar.cl\/index.php?rest_route=\/wp\/v2\/media\/25255"}],"wp:attachment":[{"href":"https:\/\/www.radioamigavallenar.cl\/index.php?rest_route=%2Fwp%2Fv2%2Fmedia&parent=25254"}],"wp:term":[{"taxonomy":"category","embeddable":true,"href":"https:\/\/www.radioamigavallenar.cl\/index.php?rest_route=%2Fwp%2Fv2%2Fcategories&post=25254"},{"taxonomy":"post_tag","embeddable":true,"href":"https:\/\/www.radioamigavallenar.cl\/index.php?rest_route=%2Fwp%2Fv2%2Ftags&post=25254"}],"curies":[{"name":"wp","href":"https:\/\/api.w.org\/{rel}","templated":true}]}}