{"id":25246,"date":"2020-06-12T11:40:29","date_gmt":"2020-06-12T15:40:29","guid":{"rendered":"https:\/\/www.radioamigavallenar.cl\/?p=25246"},"modified":"2020-06-12T11:40:31","modified_gmt":"2020-06-12T15:40:31","slug":"seremi-del-trabajo-invita-a-conversar-a-traves-de-facebook-live-sobre-cursos-sence","status":"publish","type":"post","link":"https:\/\/www.radioamigavallenar.cl\/?p=25246","title":{"rendered":"Seremi del trabajo invita a conversar a trav\u00e9s de Facebook live sobre cursos Sence"},"content":{"rendered":"\n<div class=\"wp-block-image\"><figure class=\"aligncenter size-large\"><img loading=\"lazy\" decoding=\"async\" width=\"768\" height=\"712\" src=\"https:\/\/www.radioamigavallenar.cl\/wp-content\/uploads\/2020\/06\/WhatsApp-Image-2020-06-11-at-9.59.04-AM-768x712-1.jpeg\" alt=\"\" class=\"wp-image-25247\" srcset=\"https:\/\/www.radioamigavallenar.cl\/wp-content\/uploads\/2020\/06\/WhatsApp-Image-2020-06-11-at-9.59.04-AM-768x712-1.jpeg 768w, https:\/\/www.radioamigavallenar.cl\/wp-content\/uploads\/2020\/06\/WhatsApp-Image-2020-06-11-at-9.59.04-AM-768x712-1-300x278.jpeg 300w\" sizes=\"auto, (max-width: 768px) 100vw, 768px\" \/><\/figure><\/div>\n\n\n\n<p><strong>A las 11:30 de hoy viernes es la primera cita con la ciudadan\u00eda donde el principal tema ser\u00e1 c\u00f3mo y qui\u00e9nes pueden acceder a los cursos de sence<\/strong><\/p>\n\n\n\n<p>En una cruzada por informar a la comunidad sobre los beneficios y servicios anunciados por el Gobierno y que est\u00e1n actualmente disponibles de manera online producto de la pandemia hoy viernes a las 11:30 am comienza la jornada de \u201cEncuentros ciudadanos virtuales\u201d donde el primer invitado a presentar los beneficios disponibles de su servicio es el Director Regional de Sence Atacama, Victor Nieto Rojas.<\/p>\n\n\n\n<p>El Seremi del Trabajo y Previsi\u00f3n Social, Carlos Leal Varas defini\u00f3 esta iniciativa como \u201cuna oportunidad para acercar los beneficios que el Gobierno ha anunciado e informar sobre los requisitos para acceder a ellos a trav\u00e9s de una red social\u201d la autoridad asegur\u00f3, adem\u00e1s, que \u201cestas son instancias que sirven no solo para dar a conocer informaci\u00f3n sino tambi\u00e9n para responder consultas que gran cantidad de nuestros ciudadanos tienen sobre diferentes temas, la idea es que juntos podamos combatir y superar el covid19 en las diversas \u00e1reas que este ha permeado\u201d<\/p>\n\n\n\n<p>Por su parte el Director regional de Sence, Victor Nieto Rojas se mostr\u00f3 entusiasmado por la instancia que \u201cpermite ampliar el abanico de nuevos usuarios para que accedan a cursos sence\u201d destac\u00f3 adem\u00e1s que para optar a uno de estos 50 mil cupos \u201csolo se necesita c\u00e9dula de identidad vigente, ser mayor de 18 a\u00f1os y tener un rut chileno.\u201d<\/p>\n\n\n\n<p>Adem\u00e1s, el Director valor\u00f3 la iniciativa indicando que \u201cpara nosotros como Sence es de suma relevancia entregar la mayor cantidad de difusi\u00f3n de nuestros programas, queremos que cada vez sean m\u00e1s las personas que se certifiquen con nosotros\u201d<\/p>\n\n\n\n<p>Cabe destacar que la instancia se repetir\u00e1 semanalmente con los diferentes directores de servicios, con el fin de mantener informada a la comunidad del avance y los quehaceres de diversas materias.<\/p>\n\n\n\n<p>La siguiente cita, seg\u00fan cont\u00f3 el Seremi Leal es para la Directora Regional de la Direcci\u00f3n del Trabajo, Pamela Orellana Pati\u00f1o.<\/p>\n","protected":false},"excerpt":{"rendered":"<p>A las 11:30 de hoy viernes es la primera cita con la ciudadan\u00eda donde el principal tema ser\u00e1 c\u00f3mo y qui\u00e9nes pueden acceder a los&hellip; <\/p>\n","protected":false},"author":2,"featured_media":25247,"comment_status":"open","ping_status":"closed","sticky":false,"template":"","format":"standard","meta":{"footnotes":""},"categories":[7,1],"tags":[],"class_list":["post-25246","post","type-post","status-publish","format-standard","has-post-thumbnail","hentry","category-atacama","category-provincia-del-huasco-2"],"_links":{"self":[{"href":"https:\/\/www.radioamigavallenar.cl\/index.php?rest_route=\/wp\/v2\/posts\/25246","targetHints":{"allow":["GET"]}}],"collection":[{"href":"https:\/\/www.radioamigavallenar.cl\/index.php?rest_route=\/wp\/v2\/posts"}],"about":[{"href":"https:\/\/www.radioamigavallenar.cl\/index.php?rest_route=\/wp\/v2\/types\/post"}],"author":[{"embeddable":true,"href":"https:\/\/www.radioamigavallenar.cl\/index.php?rest_route=\/wp\/v2\/users\/2"}],"replies":[{"embeddable":true,"href":"https:\/\/www.radioamigavallenar.cl\/index.php?rest_route=%2Fwp%2Fv2%2Fcomments&post=25246"}],"version-history":[{"count":0,"href":"https:\/\/www.radioamigavallenar.cl\/index.php?rest_route=\/wp\/v2\/posts\/25246\/revisions"}],"wp:featuredmedia":[{"embeddable":true,"href":"https:\/\/www.radioamigavallenar.cl\/index.php?rest_route=\/wp\/v2\/media\/25247"}],"wp:attachment":[{"href":"https:\/\/www.radioamigavallenar.cl\/index.php?rest_route=%2Fwp%2Fv2%2Fmedia&parent=25246"}],"wp:term":[{"taxonomy":"category","embeddable":true,"href":"https:\/\/www.radioamigavallenar.cl\/index.php?rest_route=%2Fwp%2Fv2%2Fcategories&post=25246"},{"taxonomy":"post_tag","embeddable":true,"href":"https:\/\/www.radioamigavallenar.cl\/index.php?rest_route=%2Fwp%2Fv2%2Ftags&post=25246"}],"curies":[{"name":"wp","href":"https:\/\/api.w.org\/{rel}","templated":true}]}}