{"id":25241,"date":"2020-06-12T11:37:08","date_gmt":"2020-06-12T15:37:08","guid":{"rendered":"https:\/\/www.radioamigavallenar.cl\/?p=25241"},"modified":"2020-06-12T11:45:42","modified_gmt":"2020-06-12T15:45:42","slug":"lanzan-programa-levantemos-el-emprendimiento-atacama","status":"publish","type":"post","link":"https:\/\/www.radioamigavallenar.cl\/?p=25241","title":{"rendered":"Lanzan programa \u201cLevantemos el Emprendimiento Atacama\u201d"},"content":{"rendered":"\n<div class=\"wp-block-image\"><figure class=\"aligncenter size-large\"><img loading=\"lazy\" decoding=\"async\" width=\"768\" height=\"512\" src=\"https:\/\/www.radioamigavallenar.cl\/wp-content\/uploads\/2020\/06\/IMG_2240-L-768x512-1.jpg\" alt=\"\" class=\"wp-image-25242\" srcset=\"https:\/\/www.radioamigavallenar.cl\/wp-content\/uploads\/2020\/06\/IMG_2240-L-768x512-1.jpg 768w, https:\/\/www.radioamigavallenar.cl\/wp-content\/uploads\/2020\/06\/IMG_2240-L-768x512-1-300x200.jpg 300w\" sizes=\"auto, (max-width: 768px) 100vw, 768px\" \/><\/figure><\/div>\n\n\n\n<p><strong>Desaf\u00edo Levantemos Chile con el apoyo de Minera Lumina Copper Chile<\/strong><\/p>\n\n\n\n<p>Desaf\u00edo Levantemos Chile, junto con Minera Lumina Copper Chile y su operaci\u00f3nCaserones, crearon la primera versi\u00f3n del programa \u201cLevantemos&nbsp;el emprendimiento Atacama\u201d, iniciativa que busca brindar apoyo a las micro y peque\u00f1as empresas de la Regi\u00f3n de Atacama, que se han visto afectadas por el estallido social de octubre 2019, como por la actual emergencia sanitaria.<\/p>\n\n\n\n<p>El objetivo que se han trazado ambas instituciones es entregar\u00a0ayuda a 20 emprendedores de la zona para levantar sus negocios, entregando un capital que podr\u00e1 ir entre 500 mil a 1 mill\u00f3n de pesos para cada uno, que permitir\u00e1 comprar mercader\u00eda, maquinaria e infraestructura. \u201cEl comercio ha tenido una gran ca\u00edda econ\u00f3mica en Atacama, sobre todo durante los \u00faltimos meses producto del Covid-19. Por eso, gracias al trabajo colaborativo con Caserones, podremos entregar una soluci\u00f3n r\u00e1pida a estas personas para que puedan activar sus emprendimientos\u201d, se\u00f1al\u00f3 Claudio Piazzoli, responsable de la fundaci\u00f3n en la zona<\/p>\n\n\n\n<p>&nbsp;\u201cComo empresa minera de la regi\u00f3n, estamos trabajando junto a las autoridades, instituciones y la comunidad, con medidas que contribuyan a la seguridad y salud de todos; y este programa busca apoyar a los emprendedores y emprendedoras que han visto afectado sus negocios en el \u00faltimo tiempo\u201d, sostuvo Jaime Andrade,&nbsp;gerente de Relaciones Comunitarias de Minera Lumina Copper Chile.<\/p>\n\n\n\n<p>La selecci\u00f3n de las micro y peque\u00f1as empresas se efectuar\u00e1 mediante un catastro que tendr\u00e1 la participaci\u00f3n de la ONG y la Compa\u00f1\u00eda, junto con Fosis y las Municipalidades de Tierra Amarilla y Caldera, quienes conocen la\u00a0actual situaci\u00f3n \u00a0de sus comunas.<\/p>\n\n\n\n<p>Desaf\u00edo Levantemos Chile ha estado presente en 15 emergencias nacionales, buscando siempre soluciones innovadoras, r\u00e1pidas e inteligentes para asistir al pa\u00eds, que a lo largo de sus 10 a\u00f1os han ayudado a m\u00e1s de un mill\u00f3n de chilenos.<\/p>\n","protected":false},"excerpt":{"rendered":"<p>Desaf\u00edo Levantemos Chile con el apoyo de Minera Lumina Copper Chile Desaf\u00edo Levantemos Chile, junto con Minera Lumina Copper Chile y su operaci\u00f3nCaserones, crearon la&hellip; <\/p>\n","protected":false},"author":2,"featured_media":25242,"comment_status":"open","ping_status":"closed","sticky":false,"template":"","format":"standard","meta":{"footnotes":""},"categories":[7],"tags":[],"class_list":["post-25241","post","type-post","status-publish","format-standard","has-post-thumbnail","hentry","category-atacama"],"_links":{"self":[{"href":"https:\/\/www.radioamigavallenar.cl\/index.php?rest_route=\/wp\/v2\/posts\/25241","targetHints":{"allow":["GET"]}}],"collection":[{"href":"https:\/\/www.radioamigavallenar.cl\/index.php?rest_route=\/wp\/v2\/posts"}],"about":[{"href":"https:\/\/www.radioamigavallenar.cl\/index.php?rest_route=\/wp\/v2\/types\/post"}],"author":[{"embeddable":true,"href":"https:\/\/www.radioamigavallenar.cl\/index.php?rest_route=\/wp\/v2\/users\/2"}],"replies":[{"embeddable":true,"href":"https:\/\/www.radioamigavallenar.cl\/index.php?rest_route=%2Fwp%2Fv2%2Fcomments&post=25241"}],"version-history":[{"count":0,"href":"https:\/\/www.radioamigavallenar.cl\/index.php?rest_route=\/wp\/v2\/posts\/25241\/revisions"}],"wp:featuredmedia":[{"embeddable":true,"href":"https:\/\/www.radioamigavallenar.cl\/index.php?rest_route=\/wp\/v2\/media\/25242"}],"wp:attachment":[{"href":"https:\/\/www.radioamigavallenar.cl\/index.php?rest_route=%2Fwp%2Fv2%2Fmedia&parent=25241"}],"wp:term":[{"taxonomy":"category","embeddable":true,"href":"https:\/\/www.radioamigavallenar.cl\/index.php?rest_route=%2Fwp%2Fv2%2Fcategories&post=25241"},{"taxonomy":"post_tag","embeddable":true,"href":"https:\/\/www.radioamigavallenar.cl\/index.php?rest_route=%2Fwp%2Fv2%2Ftags&post=25241"}],"curies":[{"name":"wp","href":"https:\/\/api.w.org\/{rel}","templated":true}]}}