{"id":25238,"date":"2020-06-12T07:29:01","date_gmt":"2020-06-12T11:29:01","guid":{"rendered":"https:\/\/www.radioamigavallenar.cl\/?p=25238"},"modified":"2020-06-12T07:29:02","modified_gmt":"2020-06-12T11:29:02","slug":"con-gran-convocatoria-se-realiza-primer-consejo-asesor-del-observatorio-laboral-regional-liderado-por-sence-atacama","status":"publish","type":"post","link":"https:\/\/www.radioamigavallenar.cl\/?p=25238","title":{"rendered":"Con gran convocatoria se realiza Primer Consejo Asesor del Observatorio Laboral Regional liderado por SENCE Atacama."},"content":{"rendered":"\n<div class=\"wp-block-image\"><figure class=\"aligncenter size-large\"><img loading=\"lazy\" decoding=\"async\" width=\"768\" height=\"1024\" src=\"https:\/\/www.radioamigavallenar.cl\/wp-content\/uploads\/2020\/06\/observatorio-laboral-768x1024.jpeg\" alt=\"\" class=\"wp-image-25239\" srcset=\"https:\/\/www.radioamigavallenar.cl\/wp-content\/uploads\/2020\/06\/observatorio-laboral-768x1024.jpeg 768w, https:\/\/www.radioamigavallenar.cl\/wp-content\/uploads\/2020\/06\/observatorio-laboral-225x300.jpeg 225w, https:\/\/www.radioamigavallenar.cl\/wp-content\/uploads\/2020\/06\/observatorio-laboral.jpeg 960w\" sizes=\"auto, (max-width: 768px) 100vw, 768px\" \/><\/figure><\/div>\n\n\n\n<p>Se llev\u00f3 a cabo el primer Consejo Asesor del Observatorio Laboral Regional, instancia que reuni\u00f3 a autoridades regionales, como el Seremi del Trabajo y Previsi\u00f3n Social de Atacama, Carlos Leal; al Seremi de Econom\u00eda, Manuel Nanjar\u00ed; al titular de la cartera regional del MOP, Alfredo Campbell y su par de Educaci\u00f3n, Silvia \u00c1lvarez, adem\u00e1s del Director de Sence Atacama, V\u00edctor Nieto. Tambi\u00e9n, cont\u00f3 con la participaci\u00f3n de actores relevantes del mundo privado, educacional y laboral de la regi\u00f3n.<\/p>\n\n\n\n<p>En la actividad, la cual se realiz\u00f3 a trav\u00e9s de plataforma online por las condiciones de aislamiento actuales, el Observatorio Laboral de Atacama expuso sobre su plan de trabajo para este 2020, los objetivos del Consejo Asesor para conocimiento de sus nuevos integrantes y se entreg\u00f3 el diagn\u00f3stico laboral actual de la regi\u00f3n.<\/p>\n\n\n\n<p>El Seremi del Trabajo, Carlos Leal, indico \u201cTuvimos la oportunidad de reunirnos en el primer Consejo Asesor del Observatorio Laboral, donde analizamos el diagn\u00f3stico actual de la regi\u00f3n y se presentaron los principales desaf\u00edos que tiene la entidad para este 2020. Estos consejos son una oportunidad para crecer de manera mancomunada porque son integrados por diferentes actores sociales. El Presidente Pi\u00f1era hizo el llamado a la unidad y es lo que estamos haciendo, trabajando unidos por superar el covid 19 y sus efectos sociales, econ\u00f3micos y humanos. En esta oportunidad, contamos con la presencia de otros Seremis como el de Econom\u00eda, MOP y Educaci\u00f3n quienes tambi\u00e9n valoraron el diagn\u00f3stico y el plan de acci\u00f3n de c\u00f3mo se combatir\u00e1n las brechas de los sectores productivos que actualmente m\u00e1s lo necesitan\u201d.<\/p>\n\n\n\n<p>Por su parte el Director de Sence Atacama, V\u00edctor Nieto expres\u00f3 que \u201cHoy hemos podido llevar a cabo el primer Consejo Asesor junto al Observatorio Laboral de Atacama en el cual se present\u00f3 informaci\u00f3n acerca de lo que est\u00e1 sucediendo tanto en la econom\u00eda nacional como regional. Datos duros que hoy nos pueden ayudar a tomar acciones sobre lo que est\u00e1 sucediendo especialmente con el empleo. Para nosotros, el Consejo Asesor tiene como misi\u00f3n vincular al Observatorio Laboral con el medio y poder realizar recomendaciones estrat\u00e9gicas que le permitan cumplir con su principal objetivo: generar informaci\u00f3n de calidad sobre las brechas de capital humano en la regi\u00f3n y as\u00ed contribuir mediante recomendaciones concretas de planes o pol\u00edticas de formaci\u00f3n y empleo. Como Sence, estas recomendaciones nos sirven para generar programas de capacitaci\u00f3n que se orienten a la disminuci\u00f3n de esas brechas detectadas por el Observatorio y de esta manera permitir a los usuarios capacitarse en \u00e1reas de alta empleabilidad y con ello optar a oportunidades reales de empleo dentro o fuera de nuestra regi\u00f3n\u201d.<\/p>\n\n\n\n<p>Ra\u00fal D\u00edaz, Director del Observatorio Laboral de Atacama, coment\u00f3 que \u201cEsta primera reuni\u00f3n nos da un impulso respecto a los objetivos que tenemos para este a\u00f1o 2020. Estamos sorprendidos por la buena acogida y participaci\u00f3n que hemos tenido, lo cual da cuenta del trabajo y la vinculaci\u00f3n que tuvimos en nuestro primer a\u00f1o de ejecuci\u00f3n, correspondiente al 2019. Esperamos mantener esta convocatoria para el siguiente Consejo Asesor e incluso incluir m\u00e1s actores en esta iniciativa. Agradecemos de forma particular a OTIC Proforma, nuestra fuente de financiamiento a trav\u00e9s del 5% de la franquicia tributaria; y a INACAP Sede Copiap\u00f3 por acoger y ejecutar este proyecto de Sence\u201d.<\/p>\n\n\n\n<p>Fabiola Mu\u00f1oz, Gerente General&nbsp; Otic Proforma, indic\u00f3 \u201cPara Otic Proforma es un agrado poder aportar con el financiamiento de este 2do a\u00f1o del proyecto, el que en esta oportunidad entregar\u00e1 informaci\u00f3n relacionada con otros sectores econ\u00f3micos relevantes para la regi\u00f3n como lo es el sector de la miner\u00eda, generando datos de inter\u00e9s en relaci\u00f3n a las brechas que se presentan tanto en lo laboral como en lo referente a las necesidades de capacitaci\u00f3n del capital humano. Es importante participar en estos consejos que planifica el Observatorio Laboral, ya que permiten contar con un feedback de todos los actores relevantes para la obtenci\u00f3n de informaci\u00f3n ya sean estos p\u00fablicos o privados\u201d.<\/p>\n\n\n\n<p>Para Alfredo Campbell, Seremi de MOP Atacama y es miembro del Consejo Asesor que particip\u00f3 en esta primera reuni\u00f3n dijo estar muy agradecido por la invitaci\u00f3n \u201cquiero agradecer la invitaci\u00f3n que me ha hecho el Seremi el Trabajo y Previsi\u00f3n Social, Carlos Leal y del Director de Sence Atacama, V\u00edctor Nieto. Me han hecho part\u00edcipe de este Consejo Asesor, el cual tiene una vital importancia ya que tiene como misi\u00f3n apoyar el contacto entre el sector p\u00fablico, los empleadores, trabajadores y centros de formaci\u00f3n t\u00e9cnica. Para nosotros como MOP Atacama es muy importante haber participado en este Consejo Asesor ya que tenemos una misi\u00f3n muy importante en la regi\u00f3n de poder crear fuente de trabajo y participar en nuevos proyectos para ayudar a la reactivaci\u00f3n econ\u00f3mica que en este minuto tanto se necesita en nuestra regi\u00f3n que ha sido afectada por el coronavirus\u201d.<\/p>\n","protected":false},"excerpt":{"rendered":"<p>Se llev\u00f3 a cabo el primer Consejo Asesor del Observatorio Laboral Regional, instancia que reuni\u00f3 a autoridades regionales, como el Seremi del Trabajo y Previsi\u00f3n&hellip; <\/p>\n","protected":false},"author":2,"featured_media":25239,"comment_status":"open","ping_status":"closed","sticky":false,"template":"","format":"standard","meta":{"footnotes":""},"categories":[7,1],"tags":[],"class_list":["post-25238","post","type-post","status-publish","format-standard","has-post-thumbnail","hentry","category-atacama","category-provincia-del-huasco-2"],"_links":{"self":[{"href":"https:\/\/www.radioamigavallenar.cl\/index.php?rest_route=\/wp\/v2\/posts\/25238","targetHints":{"allow":["GET"]}}],"collection":[{"href":"https:\/\/www.radioamigavallenar.cl\/index.php?rest_route=\/wp\/v2\/posts"}],"about":[{"href":"https:\/\/www.radioamigavallenar.cl\/index.php?rest_route=\/wp\/v2\/types\/post"}],"author":[{"embeddable":true,"href":"https:\/\/www.radioamigavallenar.cl\/index.php?rest_route=\/wp\/v2\/users\/2"}],"replies":[{"embeddable":true,"href":"https:\/\/www.radioamigavallenar.cl\/index.php?rest_route=%2Fwp%2Fv2%2Fcomments&post=25238"}],"version-history":[{"count":0,"href":"https:\/\/www.radioamigavallenar.cl\/index.php?rest_route=\/wp\/v2\/posts\/25238\/revisions"}],"wp:featuredmedia":[{"embeddable":true,"href":"https:\/\/www.radioamigavallenar.cl\/index.php?rest_route=\/wp\/v2\/media\/25239"}],"wp:attachment":[{"href":"https:\/\/www.radioamigavallenar.cl\/index.php?rest_route=%2Fwp%2Fv2%2Fmedia&parent=25238"}],"wp:term":[{"taxonomy":"category","embeddable":true,"href":"https:\/\/www.radioamigavallenar.cl\/index.php?rest_route=%2Fwp%2Fv2%2Fcategories&post=25238"},{"taxonomy":"post_tag","embeddable":true,"href":"https:\/\/www.radioamigavallenar.cl\/index.php?rest_route=%2Fwp%2Fv2%2Ftags&post=25238"}],"curies":[{"name":"wp","href":"https:\/\/api.w.org\/{rel}","templated":true}]}}