{"id":25232,"date":"2020-06-12T07:25:08","date_gmt":"2020-06-12T11:25:08","guid":{"rendered":"https:\/\/www.radioamigavallenar.cl\/?p=25232"},"modified":"2020-06-12T07:25:09","modified_gmt":"2020-06-12T11:25:09","slug":"carlos-leal-seremi-del-trabajo-y-prevision-social-de-atacama-seguimos-trabajando-para-erradicar-el-trabajo-infantil-en-chile","status":"publish","type":"post","link":"https:\/\/www.radioamigavallenar.cl\/?p=25232","title":{"rendered":"Carlos Leal \u2013 Seremi del Trabajo y Previsi\u00f3n Social de Atacama Seguimos trabajando para erradicar el trabajo infantil en Chile"},"content":{"rendered":"\n<div class=\"wp-block-image\"><figure class=\"aligncenter size-large\"><img loading=\"lazy\" decoding=\"async\" width=\"1024\" height=\"768\" src=\"https:\/\/www.radioamigavallenar.cl\/wp-content\/uploads\/2020\/06\/seremi-del-trabajo-1-1024x768.jpg\" alt=\"\" class=\"wp-image-25233\" srcset=\"https:\/\/www.radioamigavallenar.cl\/wp-content\/uploads\/2020\/06\/seremi-del-trabajo-1-1024x768.jpg 1024w, https:\/\/www.radioamigavallenar.cl\/wp-content\/uploads\/2020\/06\/seremi-del-trabajo-1-300x225.jpg 300w, https:\/\/www.radioamigavallenar.cl\/wp-content\/uploads\/2020\/06\/seremi-del-trabajo-1-768x576.jpg 768w, https:\/\/www.radioamigavallenar.cl\/wp-content\/uploads\/2020\/06\/seremi-del-trabajo-1.jpg 1280w\" sizes=\"auto, (max-width: 1024px) 100vw, 1024px\" \/><\/figure><\/div>\n\n\n\n<p>Hace pocos d\u00edas vivimos la buena noticia que la Comisi\u00f3n de Trabajo de la c\u00e1mara de Diputados aprob\u00f3 por unanimidad el proyecto de ley que adec\u00faa nuestro C\u00f3digo del Trabajo en materia de protecci\u00f3n de ni\u00f1os, ni\u00f1as y adolescentes, lo que viene a restringir uno de los principales desaf\u00edos que tenemos como sociedad la erradicaci\u00f3n del abuso infantil en materia laboral.<\/p>\n\n\n\n<p>Si bien, existen en nuestra legislaci\u00f3n restricci\u00f3n y limitaciones en esta materia a\u00fan tenemos casos en Chile de menores que se ven obligados a trabajar, sobre todo, en los sectores m\u00e1s desvalidos de nuestro pa\u00eds, d\u00f3nde se hace o\u00eddos sordos a esta normativa.<\/p>\n\n\n\n<p>Hoy en d\u00eda, la legislaci\u00f3n chilena proh\u00edbe el trabajo de menores de 15 a\u00f1os y establece que los menores de entre 15 y 17 a\u00f1os de edad pueden trabajar siempre y cuando cuenten con una autorizaci\u00f3n legal, adem\u00e1s los trabajos aseguren a los adolescentes la no interrupci\u00f3n de sus estudios y no se expongan a tareas peligrosas.<\/p>\n\n\n\n<p>Pese a la existencia de la ley a\u00fan hay padres y jefes de hogares que obligan a los menores que tienen a cargo a trabajar indicando que \u201cdeben ayudar en la casa.\u201d Hay que ser tajantes en este punto, un ni\u00f1o, ni\u00f1a o adolescente (NNA) no debe ser objeto de trabajo, no tiene el deber de \u201cayudar\u201d en la casa y como adultos responsables de menores debemos velar por el cumplimiento de los derechos fundamentales de los NNA, entre los que destaca su protecci\u00f3n y su educaci\u00f3n.<\/p>\n\n\n\n<p>Es lamentable visibilizar que la mayor cantidad de menores que se ven obligados a trabajar son aquellos que sus familias cuentan con menos recursos o tienen menos niveles educacionales, as\u00ed lo indica el Estudio \u201cCrecer Felices\u201d realizado por el Ministerio donde se explica que \u201clos jefes de hogar que tienen menores trabajando han cursado entre 8 y 9 a\u00f1os de escolaridad, en el caso de las madres s\u00f3lo un 37% de las que tienen ni\u00f1os, ni\u00f1as o adolescentes realizando actividades laborales termin\u00f3 el colegio.\u201d<\/p>\n\n\n\n<p>Y es aqu\u00ed, que como Gobierno hemos trabajado para generar conciencia, con el fin de erradicar la idea que muchas familias y jefes de hogar han adquirido err\u00f3neamente \u201clos ni\u00f1os deben ayudar en la casa\u201d. No, los ni\u00f1os no deben ayudar aportando recursos econ\u00f3micos para solventar la canasta familiar, eso es una vulneraci\u00f3n de derechos y para comenzar a vivir en un Chile sin trabajo infantil debemos partir el cambio desde esa base, concientizando socialmente esa idea.<\/p>\n\n\n\n<p>En nuestro Ministerio, desde el a\u00f1o 2015 se dispuso de un departamento para eliminar esta pr\u00e1ctica laboral a trav\u00e9s del programa \u201ccrecer felices\u201d y, gracias a este seguimiento exhaustivo, a\u00f1o a a\u00f1o hemos visto disminuida la cantidad de menores que se encuentran trabajando. Nuestra meta es que para el a\u00f1o 2025 asegurar que nuestros NNA crezcan seguros, estudien y se desarrollen de manera plena y, en el caso de los adolescentes que trabajen lo hagan bajo las condiciones que se\u00f1ala la normativa legal, excluyendo completamente cualquier tipo de vulneraci\u00f3n a sus derechos.<\/p>\n\n\n\n<p>Actualmente, seguimos trabajando para endurecer las medidas en esta materia y esta semana vimos avances en la comisi\u00f3n de Trabajo de la C\u00e1mara de Diputados donde se aprob\u00f3 el proyecto de ley que adec\u00faa el art\u00edculo 13 de nuestro C\u00f3digo del Trabajo, donde esta modificaci\u00f3n recoge las recomendaciones de la Convernci\u00f3n sobre los Derechos del Ni\u00f1o de Naciones Unidas, convenio 138 de la OIT, relativo a la edad m\u00ednima de admisi\u00f3n al empleo y el convenio 182 de la OIT, relativo a peores formas de trabajo infantil. En s\u00edntesis, Aumenta las multas que la Direcci\u00f3n del Trabajo puede cursar en esta materia, disminuye la cantidad de horas que pueden trabajar los menores de 8 a 6 horas y proh\u00edbe que los trabajos art\u00edsticos sean peligrosos.<\/p>\n\n\n\n<p>Esperamos que este proyecto sea aprobado y entre en vigencia lo antes posible para proteger a\u00fan m\u00e1s los derechos de nuestros Ni\u00f1os, Ni\u00f1as y Adolescentes.<\/p>\n","protected":false},"excerpt":{"rendered":"<p>Hace pocos d\u00edas vivimos la buena noticia que la Comisi\u00f3n de Trabajo de la c\u00e1mara de Diputados aprob\u00f3 por unanimidad el proyecto de ley que&hellip; <\/p>\n","protected":false},"author":2,"featured_media":25233,"comment_status":"open","ping_status":"closed","sticky":false,"template":"","format":"standard","meta":{"footnotes":""},"categories":[7,1],"tags":[],"class_list":["post-25232","post","type-post","status-publish","format-standard","has-post-thumbnail","hentry","category-atacama","category-provincia-del-huasco-2"],"_links":{"self":[{"href":"https:\/\/www.radioamigavallenar.cl\/index.php?rest_route=\/wp\/v2\/posts\/25232","targetHints":{"allow":["GET"]}}],"collection":[{"href":"https:\/\/www.radioamigavallenar.cl\/index.php?rest_route=\/wp\/v2\/posts"}],"about":[{"href":"https:\/\/www.radioamigavallenar.cl\/index.php?rest_route=\/wp\/v2\/types\/post"}],"author":[{"embeddable":true,"href":"https:\/\/www.radioamigavallenar.cl\/index.php?rest_route=\/wp\/v2\/users\/2"}],"replies":[{"embeddable":true,"href":"https:\/\/www.radioamigavallenar.cl\/index.php?rest_route=%2Fwp%2Fv2%2Fcomments&post=25232"}],"version-history":[{"count":0,"href":"https:\/\/www.radioamigavallenar.cl\/index.php?rest_route=\/wp\/v2\/posts\/25232\/revisions"}],"wp:featuredmedia":[{"embeddable":true,"href":"https:\/\/www.radioamigavallenar.cl\/index.php?rest_route=\/wp\/v2\/media\/25233"}],"wp:attachment":[{"href":"https:\/\/www.radioamigavallenar.cl\/index.php?rest_route=%2Fwp%2Fv2%2Fmedia&parent=25232"}],"wp:term":[{"taxonomy":"category","embeddable":true,"href":"https:\/\/www.radioamigavallenar.cl\/index.php?rest_route=%2Fwp%2Fv2%2Fcategories&post=25232"},{"taxonomy":"post_tag","embeddable":true,"href":"https:\/\/www.radioamigavallenar.cl\/index.php?rest_route=%2Fwp%2Fv2%2Ftags&post=25232"}],"curies":[{"name":"wp","href":"https:\/\/api.w.org\/{rel}","templated":true}]}}