{"id":25229,"date":"2020-06-12T07:21:26","date_gmt":"2020-06-12T11:21:26","guid":{"rendered":"https:\/\/www.radioamigavallenar.cl\/?p=25229"},"modified":"2020-06-12T07:21:28","modified_gmt":"2020-06-12T11:21:28","slug":"diputada-cicardini-junto-a-presidentes-de-comision-de-la-camara-piden-extender-suspension-de-tarifa-de-invierno-por-pandemia","status":"publish","type":"post","link":"https:\/\/www.radioamigavallenar.cl\/?p=25229","title":{"rendered":"Diputada Cicardini junto a presidentes de comisi\u00f3n de la C\u00e1mara piden extender suspensi\u00f3n de tarifa de invierno por pandemia"},"content":{"rendered":"\n<div class=\"wp-block-image\"><figure class=\"aligncenter size-large\"><img loading=\"lazy\" decoding=\"async\" width=\"1024\" height=\"683\" src=\"https:\/\/www.radioamigavallenar.cl\/wp-content\/uploads\/2020\/06\/WhatsApp-Image-2019-08-07-at-4.52.56-PM.jpeg\" alt=\"\" class=\"wp-image-25230\" srcset=\"https:\/\/www.radioamigavallenar.cl\/wp-content\/uploads\/2020\/06\/WhatsApp-Image-2019-08-07-at-4.52.56-PM.jpeg 1024w, https:\/\/www.radioamigavallenar.cl\/wp-content\/uploads\/2020\/06\/WhatsApp-Image-2019-08-07-at-4.52.56-PM-300x200.jpeg 300w, https:\/\/www.radioamigavallenar.cl\/wp-content\/uploads\/2020\/06\/WhatsApp-Image-2019-08-07-at-4.52.56-PM-768x512.jpeg 768w\" sizes=\"auto, (max-width: 1024px) 100vw, 1024px\" \/><\/figure><\/div>\n\n\n\n<p>La diputada Daniella Cicardini, en su calidad de presidenta de la Comisi\u00f3n de Miner\u00eda y Energ\u00eda, junto a otros presidentes de comisi\u00f3n de la C\u00e1mara de Diputados, son los firmantes de una carta dirigida al ministro de Energ\u00eda, Juan Carlos Jobet, en la que le solicitan extender la suspensi\u00f3n de la aplicaci\u00f3n del llamado l\u00edmite de invierno a las tarifas el\u00e9ctricas, a fin de evitar el aumento en m\u00e1s de un mill\u00f3n de cuentas de la luz.<\/p>\n\n\n\n<p>La misiva, adem\u00e1s de la parlamentaria por Atacama, registra las firmas del diputado Boris Barrera, presidente de la Comisi\u00f3n de Desarrollo Social, Pedro Vel\u00e1zquez, presidente de la Comisi\u00f3n de Econom\u00eda, y de Luis Rocafull, presidente de la Comisi\u00f3n de Familia.<\/p>\n\n\n\n<p>En el texto, los parlamentarios solicitan al titular de Energ\u00eda, renovar por los meses de junio a Septiembre la suspensi\u00f3n de la aplicaci\u00f3n del llamado l\u00edmite de invierno, que corresponde a un recargo en la cuenta de la luz durante dicha estaci\u00f3n, medida que ya hab\u00eda sido implementada por la cartera en abril pasado, aplazando as\u00ed su inicio para el presente mes de junio.<\/p>\n\n\n\n<p>No obstante, los legisladores se\u00f1alan en el documento que la expansi\u00f3n de la pandemia en el pa\u00eds ha desembocado en una crisis econ\u00f3mico-social y a un aumento de la pobreza y la cesant\u00eda, lo que sumado \u201ca las medidas sanitarias de aislamiento social y cuarentena, supone una cantidad masiva de familias que se encuentran permanentemente en sus casas, lo que va a implicar necesariamente un aumento en el consumo de electricidad\u201d.<\/p>\n\n\n\n<p>Al respecto, la diputada Daniella Cicardini, indic\u00f3 que \u201clo que estamos solicitando a trav\u00e9s de esta carta es que renueve la suspensi\u00f3n de esta tarifa, que puede significar un recargo importante en sus cuentas de la luz para un gran n\u00famero de personas, incluyendo clientes residenciales y pymes, y recordarle al ministro de Energ\u00eda que las condiciones econ\u00f3micas y sanitarias que motivaron la suspensi\u00f3n de esta medida no solo se mantienen y no han mejorado para nada, sino que por el contrario, &nbsp;han empeorado de manera significativa\u201d.<\/p>\n\n\n\n<p>\u201cEl propio ministro se\u00f1al\u00f3 en su minuto que la suspensi\u00f3n de la tarifa era un alivio para los clientes residenciales,&nbsp; por lo que estando en el peor momento de la crisis, y a punto de entrar al invierno, se justifica plenamente el renovar la postergaci\u00f3n de esta medida para no impactar todav\u00eda m\u00e1s el bolsillo de algunas familias y peque\u00f1as empresas que pudieran verse afectadas\u201d, enfatiz\u00f3.<\/p>\n\n\n\n<p>Asimismo la diputada Cicardini afirm\u00f3 que \u201cac\u00e1 el ministerio y las el\u00e9ctricas han intentado decirnos &nbsp;que el nivel de consumo que se requiere para sobrepasar el l\u00edmite de invierno hace dif\u00edcil que una familia pueda verse perjudicada por este cobro, pero eso por un lado no era lo que dec\u00eda el ministro cuando hizo el anuncio en abril; ah\u00ed dec\u00eda que suspender la tarifa era un alivio para clientes residenciales, pymes y comercios, y ahora resulta que dicen que en realidad no es tanto el efecto.\u201d<\/p>\n\n\n\n<p>\u201cPero adem\u00e1s, estamos hablando de un escenario nunca antes visto en materia de consumo de energ\u00eda, con familias completas qued\u00e1ndose en sus casas y consumiendo mucha m\u00e1s luz de lo habitual, con situaciones de varias familias vulnerables hacinadas cuyo consumo se refleja en un solo medidor, o con realidades que se dan en algunas ciudades como las de los cit\u00e9s; y tambi\u00e9n, con peque\u00f1os emprendimientos, panader\u00edas o comercios que dan empleo, y que requieren m\u00e1s que nunca cualquier ayuda al bolsillo que se les pueda entregar\u201d.<\/p>\n\n\n\n<p>\u201cPor ello nuestro llamado al ministro, al ministerio de Energ\u00eda y al gobierno es claro, en el sentido de no experimentar con el bolsillo de la gente en medio de una pandemia y una situaci\u00f3n in\u00e9dita, y que vuelva a postergar la aplicaci\u00f3n del l\u00edmite de invierno en las cuentas de la luz, para no perjudicar a la clase media y los m\u00e1s vulnerables\u201d, concluy\u00f3 la parlamentaria.<\/p>\n\n\n\n<p>El l\u00edmite de invierno se fija, entre otros criterios, en base al promedio de consumo en los meses de verano (entre el 1 de Octubre y el 31 de Marzo), sumando un 20%. El resultado de ese c\u00e1lculo por cliente se toma como su piso de referencia, y 430 kWh como un techo m\u00e1ximo general de consumo en los meses de invierno, por lo que a cualquier medici\u00f3n que sobrepase el promedio por cliente y que al mismo tiempo supere los 430 kWh, se le aplica el cargo adicional por l\u00edmite de invierno en la cuenta.<\/p>\n","protected":false},"excerpt":{"rendered":"<p>La diputada Daniella Cicardini, en su calidad de presidenta de la Comisi\u00f3n de Miner\u00eda y Energ\u00eda, junto a otros presidentes de comisi\u00f3n de la C\u00e1mara&hellip; <\/p>\n","protected":false},"author":2,"featured_media":25230,"comment_status":"open","ping_status":"closed","sticky":false,"template":"","format":"standard","meta":{"footnotes":""},"categories":[7,37,1],"tags":[],"class_list":["post-25229","post","type-post","status-publish","format-standard","has-post-thumbnail","hentry","category-atacama","category-nacional","category-provincia-del-huasco-2"],"_links":{"self":[{"href":"https:\/\/www.radioamigavallenar.cl\/index.php?rest_route=\/wp\/v2\/posts\/25229","targetHints":{"allow":["GET"]}}],"collection":[{"href":"https:\/\/www.radioamigavallenar.cl\/index.php?rest_route=\/wp\/v2\/posts"}],"about":[{"href":"https:\/\/www.radioamigavallenar.cl\/index.php?rest_route=\/wp\/v2\/types\/post"}],"author":[{"embeddable":true,"href":"https:\/\/www.radioamigavallenar.cl\/index.php?rest_route=\/wp\/v2\/users\/2"}],"replies":[{"embeddable":true,"href":"https:\/\/www.radioamigavallenar.cl\/index.php?rest_route=%2Fwp%2Fv2%2Fcomments&post=25229"}],"version-history":[{"count":0,"href":"https:\/\/www.radioamigavallenar.cl\/index.php?rest_route=\/wp\/v2\/posts\/25229\/revisions"}],"wp:featuredmedia":[{"embeddable":true,"href":"https:\/\/www.radioamigavallenar.cl\/index.php?rest_route=\/wp\/v2\/media\/25230"}],"wp:attachment":[{"href":"https:\/\/www.radioamigavallenar.cl\/index.php?rest_route=%2Fwp%2Fv2%2Fmedia&parent=25229"}],"wp:term":[{"taxonomy":"category","embeddable":true,"href":"https:\/\/www.radioamigavallenar.cl\/index.php?rest_route=%2Fwp%2Fv2%2Fcategories&post=25229"},{"taxonomy":"post_tag","embeddable":true,"href":"https:\/\/www.radioamigavallenar.cl\/index.php?rest_route=%2Fwp%2Fv2%2Ftags&post=25229"}],"curies":[{"name":"wp","href":"https:\/\/api.w.org\/{rel}","templated":true}]}}