{"id":25226,"date":"2020-06-12T07:20:11","date_gmt":"2020-06-12T11:20:11","guid":{"rendered":"https:\/\/www.radioamigavallenar.cl\/?p=25226"},"modified":"2020-06-12T07:20:12","modified_gmt":"2020-06-12T11:20:12","slug":"consejeros-regionales-de-atacama-evaluan-apoyo-de-pesca-artesanal-y-situacion-de-radioemisoras","status":"publish","type":"post","link":"https:\/\/www.radioamigavallenar.cl\/?p=25226","title":{"rendered":"Consejeros Regionales de Atacama eval\u00faan apoyo de pesca artesanal y situaci\u00f3n de radioemisoras"},"content":{"rendered":"\n<div class=\"wp-block-image\"><figure class=\"aligncenter size-large\"><img loading=\"lazy\" decoding=\"async\" width=\"1024\" height=\"576\" src=\"https:\/\/www.radioamigavallenar.cl\/wp-content\/uploads\/2020\/06\/foto7-1024x576.jpg\" alt=\"\" class=\"wp-image-25227\" srcset=\"https:\/\/www.radioamigavallenar.cl\/wp-content\/uploads\/2020\/06\/foto7-1024x576.jpg 1024w, https:\/\/www.radioamigavallenar.cl\/wp-content\/uploads\/2020\/06\/foto7-300x169.jpg 300w, https:\/\/www.radioamigavallenar.cl\/wp-content\/uploads\/2020\/06\/foto7-768x432.jpg 768w, https:\/\/www.radioamigavallenar.cl\/wp-content\/uploads\/2020\/06\/foto7.jpg 1280w\" sizes=\"auto, (max-width: 1024px) 100vw, 1024px\" \/><\/figure><\/div>\n\n\n\n<p>La Comisi\u00f3n de Infraestructura, Fomento Productivo y Miner\u00eda del Consejo Regional de Atacama y, los Presidentes de las Comisiones Provinciales de Copiap\u00f3, Huasco y Cha\u00f1aral, se reunieron este mi\u00e9rcoles para abordar, en esta ocasi\u00f3n, dos tem\u00e1ticas relacionadas con la situaci\u00f3n actual de los programas de apoyo para los pescadores artesanales y recolectores de orillas del borde costero de Atacama. Asimismo, se analiz\u00f3 el complejo escenario de las radioemisoras de la regi\u00f3n, como consecuencia econ\u00f3mica producto de la pandemia.<\/p>\n\n\n\n<p>Es as\u00ed que, la Presidenta de la Comisi\u00f3n de Infraestructura, Fomento Productivo y Miner\u00eda del CORE Atacama, Consejera Patricia Gonz\u00e1lez, quien lider\u00f3 la reuni\u00f3n, precis\u00f3 que \u201ccreemos que hay tareas pendientes para el sector de la pesca artesanal. Si bien reconocemos que se han logrado muchas cosas, como ahora en el mes de julio, donde estar\u00edan entregando a Caldera y a otros lugares, algunos beneficios; aun as\u00ed, debemos velar por todos, por quienes no est\u00e1n organizados y no les llega ning\u00fan tipo de apoyo. S\u00f3lo el 65% se encuentra organizado en sindicatos o asociaciones, instancia que les permite obtener algunos beneficios y postular a programas. Por ello, acordamos como Comisi\u00f3n solicitar al organismo encargado que exista un director regional de pesca y no uno zonal, como hasta ahora, que representa a Atacama y Coquimbo. Igualmente, sostendremos una nueva reuni\u00f3n con Sernapesca y el Seremi de Econom\u00eda para conocer m\u00e1s detalles sobre el recurso del jurel; la cuota de pesca y; los fondos de apoyo, sumando algunas inquietudes provenientes de las Provincias de Huasco y de Cha\u00f1aral\u201d, explic\u00f3 la autoridad regional.<\/p>\n\n\n\n<p class=\"has-text-align-center\"><strong>EMISORAS DE ATACAMA<\/strong><\/p>\n\n\n\n<p>En la segunda parte de la reuni\u00f3n de los Consejeros Regionales en Comisi\u00f3n, expusieron los representantes de la Asociaci\u00f3n de Radiodifusores de Chile, ARCHI, de la regi\u00f3n de Atacama, Miguel \u00c1ngel V\u00e9liz (presidente) y, Wilmo Galleguillos (vicepresidente) oportunidad donde entregaron una radiograf\u00eda de la situaci\u00f3n compleja que est\u00e1n pasando algunas emisoras locales al disminuir la publicidad y, con ello, los ingresos para mantener sus labores como medio de comunicaci\u00f3n social.<\/p>\n\n\n\n<p>En la ocasi\u00f3n, la Consejera Regional Patricia Gonz\u00e1lez, en su calidad de Presidenta de la Comisi\u00f3n de Infraestructura y Fomento Productivo del CORE Atacama, explic\u00f3 que \u201cjunto con agradecer la presencia de Miguel \u00c1ngel V\u00e9liz y Wilmo Galleguillos a la Comisi\u00f3n, nos se\u00f1alaron su preocupaci\u00f3n con la situaci\u00f3n actual como consecuencia de la pandemia. Somos conscientes que las radios juegan un rol fundamental no s\u00f3lo en la entrega informativa, de forma veraz y oportuna, sino que adem\u00e1s son un acompa\u00f1amiento para las familias y generan entretenci\u00f3n. Hoy d\u00eda, s\u00f3lo el 50% est\u00e1 contratando publicidad en las radios, bajando considerablemente este ingreso para ellos. Nos consultaron si existe la posibilidad de alg\u00fan tipo de apoyo que les permita mantenerse y solventar en parte sus gastos\u201d.<\/p>\n\n\n\n<p>La autoridad agreg\u00f3, respecto a esto, que \u201cnosotros como integrantes de la Comisi\u00f3n llegamos a un acuerdo de solicitar al Ejecutivo, el poder ver la factibilidad de canalizar algunos recursos que ya est\u00e1n aprobados, para poder direccionarlos hacia las radioemisoras y as\u00ed permitir apoyarlos y difundir programas en espec\u00edfico, seg\u00fan lo requerido\u201d, finaliz\u00f3 la Consejera Regional.<\/p>\n","protected":false},"excerpt":{"rendered":"<p>La Comisi\u00f3n de Infraestructura, Fomento Productivo y Miner\u00eda del Consejo Regional de Atacama y, los Presidentes de las Comisiones Provinciales de Copiap\u00f3, Huasco y Cha\u00f1aral,&hellip; <\/p>\n","protected":false},"author":2,"featured_media":25227,"comment_status":"open","ping_status":"closed","sticky":false,"template":"","format":"standard","meta":{"footnotes":""},"categories":[7,1,2],"tags":[],"class_list":["post-25226","post","type-post","status-publish","format-standard","has-post-thumbnail","hentry","category-atacama","category-provincia-del-huasco-2","category-vallenar"],"_links":{"self":[{"href":"https:\/\/www.radioamigavallenar.cl\/index.php?rest_route=\/wp\/v2\/posts\/25226","targetHints":{"allow":["GET"]}}],"collection":[{"href":"https:\/\/www.radioamigavallenar.cl\/index.php?rest_route=\/wp\/v2\/posts"}],"about":[{"href":"https:\/\/www.radioamigavallenar.cl\/index.php?rest_route=\/wp\/v2\/types\/post"}],"author":[{"embeddable":true,"href":"https:\/\/www.radioamigavallenar.cl\/index.php?rest_route=\/wp\/v2\/users\/2"}],"replies":[{"embeddable":true,"href":"https:\/\/www.radioamigavallenar.cl\/index.php?rest_route=%2Fwp%2Fv2%2Fcomments&post=25226"}],"version-history":[{"count":0,"href":"https:\/\/www.radioamigavallenar.cl\/index.php?rest_route=\/wp\/v2\/posts\/25226\/revisions"}],"wp:featuredmedia":[{"embeddable":true,"href":"https:\/\/www.radioamigavallenar.cl\/index.php?rest_route=\/wp\/v2\/media\/25227"}],"wp:attachment":[{"href":"https:\/\/www.radioamigavallenar.cl\/index.php?rest_route=%2Fwp%2Fv2%2Fmedia&parent=25226"}],"wp:term":[{"taxonomy":"category","embeddable":true,"href":"https:\/\/www.radioamigavallenar.cl\/index.php?rest_route=%2Fwp%2Fv2%2Fcategories&post=25226"},{"taxonomy":"post_tag","embeddable":true,"href":"https:\/\/www.radioamigavallenar.cl\/index.php?rest_route=%2Fwp%2Fv2%2Ftags&post=25226"}],"curies":[{"name":"wp","href":"https:\/\/api.w.org\/{rel}","templated":true}]}}