{"id":25221,"date":"2020-06-12T07:17:23","date_gmt":"2020-06-12T11:17:23","guid":{"rendered":"https:\/\/www.radioamigavallenar.cl\/?p=25221"},"modified":"2020-06-12T07:17:23","modified_gmt":"2020-06-12T11:17:23","slug":"ministro-moreno-confirma-inversion-de-us220-millones-para-agua-potable-rural-en-regiones-con-sequia","status":"publish","type":"post","link":"https:\/\/www.radioamigavallenar.cl\/?p=25221","title":{"rendered":"Ministro Moreno confirma inversi\u00f3n de US$220 millones para agua potable rural en regiones con sequ\u00eda."},"content":{"rendered":"\n<div class=\"wp-block-image\"><figure class=\"aligncenter size-large\"><img loading=\"lazy\" decoding=\"async\" width=\"600\" height=\"400\" src=\"https:\/\/www.radioamigavallenar.cl\/wp-content\/uploads\/2020\/06\/img-ppal-nota2-11062020.png\" alt=\"\" class=\"wp-image-25222\" srcset=\"https:\/\/www.radioamigavallenar.cl\/wp-content\/uploads\/2020\/06\/img-ppal-nota2-11062020.png 600w, https:\/\/www.radioamigavallenar.cl\/wp-content\/uploads\/2020\/06\/img-ppal-nota2-11062020-300x200.png 300w\" sizes=\"auto, (max-width: 600px) 100vw, 600px\" \/><\/figure><\/div>\n\n\n\n<p><strong>Una reuni\u00f3n sostuvieron los alcaldes y representantes de la Asociaci\u00f3n de Municipios Rurales con el ministro de Obras P\u00fablicas,&nbsp;Alfredo Moreno,&nbsp;con el objetivo a abordar temas relacionados a la severa sequ\u00eda que afecta a distintas comunidades del pa\u00eds.<\/strong><\/p>\n\n\n\n<p>Una de las medidas que ejecutar\u00e1 este a\u00f1o el Gobierno, seg\u00fan confirm\u00f3 el secretario de Estado , ser\u00e1\u00a0la inversi\u00f3n de 220 millones de d\u00f3lares para los sistemas de agua potable rural.<\/p>\n\n\n\n<p>La iniciativa tendr\u00e1 un fuerte foco en las regiones entre Atacama y Maule, adelant\u00f3.<\/p>\n\n\n\n<p>El ministro Moreno agreg\u00f3 que este financiamiento representa un crecimiento del 40% en la materia, en comparaci\u00f3n con 2019. Adem\u00e1s, se convierte en la inversi\u00f3n m\u00e1s grande realizada por Obras P\u00fablicas en esta direcci\u00f3n.<\/p>\n\n\n\n<figure class=\"wp-block-audio\"><audio controls src=\"https:\/\/www.radioamigavallenar.cl\/wp-content\/uploads\/2020\/06\/01.-MINISTRO-MORENO.mp3\"><\/audio><\/figure>\n\n\n\n<p>El presidente de los municipios rurales, el tambi\u00e9n alcalde de Pirque, Cristi\u00e1n Balmaceda, valor\u00f3 la cita con el Ejecutivo, se\u00f1alando que le solicit\u00f3 al ministro apresurar las resoluciones que debe emitir la Direcci\u00f3n de Obras Hidr\u00e1ulicas del MOP para la instalaci\u00f3n de nuevos APR.<\/p>\n\n\n\n<figure class=\"wp-block-audio\"><audio controls src=\"https:\/\/www.radioamigavallenar.cl\/wp-content\/uploads\/2020\/06\/02.-Cristi\u00e1n-Balmaceda.mp3\"><\/audio><\/figure>\n\n\n\n<p>La inversi\u00f3n que realizar\u00e1 el Gobierno en la materia implicar\u00e1, adem\u00e1s, la posibilidad de que los municipios accedan a subsidios para el mantenimiento de los sistemas de agua potable rural que poseen.<\/p>\n","protected":false},"excerpt":{"rendered":"<p>Una reuni\u00f3n sostuvieron los alcaldes y representantes de la Asociaci\u00f3n de Municipios Rurales con el ministro de Obras P\u00fablicas,&nbsp;Alfredo Moreno,&nbsp;con el objetivo a abordar temas&hellip; <\/p>\n","protected":false},"author":2,"featured_media":25222,"comment_status":"open","ping_status":"closed","sticky":false,"template":"","format":"standard","meta":{"footnotes":""},"categories":[7,37],"tags":[],"class_list":["post-25221","post","type-post","status-publish","format-standard","has-post-thumbnail","hentry","category-atacama","category-nacional"],"_links":{"self":[{"href":"https:\/\/www.radioamigavallenar.cl\/index.php?rest_route=\/wp\/v2\/posts\/25221","targetHints":{"allow":["GET"]}}],"collection":[{"href":"https:\/\/www.radioamigavallenar.cl\/index.php?rest_route=\/wp\/v2\/posts"}],"about":[{"href":"https:\/\/www.radioamigavallenar.cl\/index.php?rest_route=\/wp\/v2\/types\/post"}],"author":[{"embeddable":true,"href":"https:\/\/www.radioamigavallenar.cl\/index.php?rest_route=\/wp\/v2\/users\/2"}],"replies":[{"embeddable":true,"href":"https:\/\/www.radioamigavallenar.cl\/index.php?rest_route=%2Fwp%2Fv2%2Fcomments&post=25221"}],"version-history":[{"count":0,"href":"https:\/\/www.radioamigavallenar.cl\/index.php?rest_route=\/wp\/v2\/posts\/25221\/revisions"}],"wp:featuredmedia":[{"embeddable":true,"href":"https:\/\/www.radioamigavallenar.cl\/index.php?rest_route=\/wp\/v2\/media\/25222"}],"wp:attachment":[{"href":"https:\/\/www.radioamigavallenar.cl\/index.php?rest_route=%2Fwp%2Fv2%2Fmedia&parent=25221"}],"wp:term":[{"taxonomy":"category","embeddable":true,"href":"https:\/\/www.radioamigavallenar.cl\/index.php?rest_route=%2Fwp%2Fv2%2Fcategories&post=25221"},{"taxonomy":"post_tag","embeddable":true,"href":"https:\/\/www.radioamigavallenar.cl\/index.php?rest_route=%2Fwp%2Fv2%2Ftags&post=25221"}],"curies":[{"name":"wp","href":"https:\/\/api.w.org\/{rel}","templated":true}]}}