{"id":2522,"date":"2016-10-04T13:12:46","date_gmt":"2016-10-04T16:12:46","guid":{"rendered":"http:\/\/www.radioamigavallenar.cl\/?p=2522"},"modified":"2016-10-04T13:12:46","modified_gmt":"2016-10-04T16:12:46","slug":"empresarios-del-barrio-comercial-craig-de-huasco-presentaron-nueva-imagen-corporativa","status":"publish","type":"post","link":"https:\/\/www.radioamigavallenar.cl\/?p=2522","title":{"rendered":"Empresarios del barrio comercial Craig de Huasco presentaron nueva imagen corporativa"},"content":{"rendered":"<p style=\"text-align: justify;\"><a href=\"http:\/\/www.radioamigavallenar.cl\/wp-content\/uploads\/2016\/10\/Barrio-comercial-Huasco.jpg\"><img loading=\"lazy\" decoding=\"async\" class=\" size-medium wp-image-2523 aligncenter\" src=\"http:\/\/www.radioamigavallenar.cl\/wp-content\/uploads\/2016\/10\/Barrio-comercial-Huasco-300x225.jpg\" alt=\"barrio-comercial-huasco\" width=\"300\" height=\"225\" srcset=\"https:\/\/www.radioamigavallenar.cl\/wp-content\/uploads\/2016\/10\/Barrio-comercial-Huasco-300x225.jpg 300w, https:\/\/www.radioamigavallenar.cl\/wp-content\/uploads\/2016\/10\/Barrio-comercial-Huasco.jpg 700w\" sizes=\"auto, (max-width: 300px) 100vw, 300px\" \/><\/a><\/p>\n<p style=\"text-align: justify;\">Con el fin de promover el barrio comercial de Huasco\u00a0 y aumentar sus ventas, los empresarios de la calle principal del puerto presentaron ante la comunidad y autoridades locales la nueva imagen corporativa, la cual ser\u00e1 incorporada a diferentes productos de marketing.<\/p>\n<p style=\"text-align: justify;\">La actividad cont\u00f3 con la participaci\u00f3n de la gobernadora del Huasco Alexandra Nu\u00f1ez, el seremi de Econom\u00eda Mario Silva, la directora regional de Sercotec Any Dorador y un grupo de empresarias del barrio comercial de Vallenar, quienes compartieron en un grato ambiente de camarader\u00eda y dieron a conocer \u00a0de los logros que han alcanzado los empresarios a trav\u00e9s de este programa gubernamental, el que \u00a0les ha permitido realizar pasant\u00edas y capacitaciones en tem\u00e1ticas como; tributaria, contabilidad, plan de negocios y fortalecimiento al turismo.<\/p>\n<p style=\"text-align: justify;\">Al respecto M\u00f3nica Cruz, vice presidenta del Grupo Asociativo Local, manifest\u00f3 \u201ceste es un d\u00eda muy importante para nosotros, sabemos que el trabajo que estamos presentando en esta ocasi\u00f3n nos permitir\u00e1 difundir y posicionar calle Craig. A trav\u00e9s de este programa esperamos fortalecer la asociatividad y poder potenciar a trav\u00e9s de capacitaciones a nuestros empresarios. Gracias a esta iniciativa hemos podido conocernos y agruparnos con un fin com\u00fan que es\u00a0 contar con una oferta atractiva de productos y servicios para las cientos de personas que nos visitan en el a\u00f1o\u201d.<\/p>\n<p style=\"text-align: justify;\">Mientras que Any Dorador, directora regional de Sercotec, se\u00f1al\u00f3 \u201cquiero destacar el gran compromiso que han asumido los empresarios con este programa, el hito de hoy es una muestra del trabajo en equipo y de las ganas que tienen de fortalecer la promoci\u00f3n del sector lo que se reflejar\u00e1 en el aumento de sus ventas. Durante las pr\u00f3ximas semanas realizaran diferentes actividades de dinamizaci\u00f3n comercial donde esperamos que todos los vecinos de la provincia del Huasco puedan visitar y disfrutar de los encantos de este tradicional sector del puerto\u201d.<\/p>\n<p style=\"text-align: justify;\">La gobernadora del Huasco, Alexandra N\u00fa\u00f1ez, destac\u00f3 el compromiso del gobierno de la\u00a0 Presidenta Bachelet con las Mipes de la\u00a0 provincia \u201ceste programa es muy importante para nosotros como gobierno, ya que fortalecer\u00e1 la actividad productiva de cientos de negocios de las comunas de Vallenar y Huasco, ya que son ellos los que generan la mayor cantidad de empleos y son actores claves en el desarrollo de la econom\u00eda regional\u201d.<\/p>\n<p style=\"text-align: justify;\">El programa Barrios Comerciales, es parte del programa de gobierno de la presidenta Michelle Bachelet y est\u00e1 destinado a apoyar la gesti\u00f3n productiva y el desarrollo urbano de los barrios comerciales, en este caso el barrio Craig de Huasco,\u00a0 mediante el financiamiento de proyectos asociativos que generen capital social de largo plazo en comunidades de empresarios, promoviendo la coordinaci\u00f3n del desarrollo comercial y urbano.<\/p>\n<p style=\"text-align: justify;\">Esta iniciativa\u00a0 se lleva a cabo a trav\u00e9s de una estrategia de implementaci\u00f3n conjunta entre los ministerios de Econom\u00eda -a trav\u00e9s de Sercotec- y de Vivienda y Urbanismo y el apoyo del municipio local.<\/p>\n","protected":false},"excerpt":{"rendered":"<p>Con el fin de promover el barrio comercial de Huasco\u00a0 y aumentar sus ventas, los empresarios de la calle principal del puerto presentaron ante la&hellip; <\/p>\n","protected":false},"author":2,"featured_media":2524,"comment_status":"open","ping_status":"closed","sticky":false,"template":"","format":"standard","meta":{"footnotes":""},"categories":[4],"tags":[],"class_list":["post-2522","post","type-post","status-publish","format-standard","has-post-thumbnail","hentry","category-huasco"],"_links":{"self":[{"href":"https:\/\/www.radioamigavallenar.cl\/index.php?rest_route=\/wp\/v2\/posts\/2522","targetHints":{"allow":["GET"]}}],"collection":[{"href":"https:\/\/www.radioamigavallenar.cl\/index.php?rest_route=\/wp\/v2\/posts"}],"about":[{"href":"https:\/\/www.radioamigavallenar.cl\/index.php?rest_route=\/wp\/v2\/types\/post"}],"author":[{"embeddable":true,"href":"https:\/\/www.radioamigavallenar.cl\/index.php?rest_route=\/wp\/v2\/users\/2"}],"replies":[{"embeddable":true,"href":"https:\/\/www.radioamigavallenar.cl\/index.php?rest_route=%2Fwp%2Fv2%2Fcomments&post=2522"}],"version-history":[{"count":0,"href":"https:\/\/www.radioamigavallenar.cl\/index.php?rest_route=\/wp\/v2\/posts\/2522\/revisions"}],"wp:featuredmedia":[{"embeddable":true,"href":"https:\/\/www.radioamigavallenar.cl\/index.php?rest_route=\/wp\/v2\/media\/2524"}],"wp:attachment":[{"href":"https:\/\/www.radioamigavallenar.cl\/index.php?rest_route=%2Fwp%2Fv2%2Fmedia&parent=2522"}],"wp:term":[{"taxonomy":"category","embeddable":true,"href":"https:\/\/www.radioamigavallenar.cl\/index.php?rest_route=%2Fwp%2Fv2%2Fcategories&post=2522"},{"taxonomy":"post_tag","embeddable":true,"href":"https:\/\/www.radioamigavallenar.cl\/index.php?rest_route=%2Fwp%2Fv2%2Ftags&post=2522"}],"curies":[{"name":"wp","href":"https:\/\/api.w.org\/{rel}","templated":true}]}}