{"id":25218,"date":"2020-06-12T07:10:34","date_gmt":"2020-06-12T11:10:34","guid":{"rendered":"https:\/\/www.radioamigavallenar.cl\/?p=25218"},"modified":"2020-06-12T07:10:35","modified_gmt":"2020-06-12T11:10:35","slug":"cridesat-uda-trabaja-en-el-primer-laboratorio-de-simulacion-edafoclimatica-de-latinoamerica","status":"publish","type":"post","link":"https:\/\/www.radioamigavallenar.cl\/?p=25218","title":{"rendered":"CRIDESAT-UDA trabaja en el primer Laboratorio de simulaci\u00f3n edafoclim\u00e1tica de Latinoam\u00e9rica"},"content":{"rendered":"\n<div class=\"wp-block-image\"><figure class=\"aligncenter size-large\"><img loading=\"lazy\" decoding=\"async\" width=\"750\" height=\"400\" src=\"https:\/\/www.radioamigavallenar.cl\/wp-content\/uploads\/2020\/06\/MARCA-ECOTRON.jpg\" alt=\"\" class=\"wp-image-25219\" srcset=\"https:\/\/www.radioamigavallenar.cl\/wp-content\/uploads\/2020\/06\/MARCA-ECOTRON.jpg 750w, https:\/\/www.radioamigavallenar.cl\/wp-content\/uploads\/2020\/06\/MARCA-ECOTRON-300x160.jpg 300w\" sizes=\"auto, (max-width: 750px) 100vw, 750px\" \/><\/figure><\/div>\n\n\n\n<p><strong>El equipo multidisciplinario a cargo del Proyecto Ecotr\u00f3n Atacama busca que esta importante iniciativa est\u00e9 en funcionamiento investigativo en el a\u00f1o 2021.<\/strong><\/p>\n\n\n\n<p>El Centro Regional de Investigaci\u00f3n y Desarrollo Sustentable de Atacama (CRIDESAT) de nuestra Casa de Estudios Superiores, est\u00e1 liderando el proyecto Ecotr\u00f3n Atacama, el cual se podr\u00eda situar como el primer prototipo innovador de simulaci\u00f3n edafoclim\u00e1tica en Latinoam\u00e9rica. Esta iniciativa permitir\u00e1 trabajar en un nuevo enfoque de \u201cAgricultura Inteligente\u201d, mediante el an\u00e1lisis e investigaci\u00f3n del comportamiento fisiol\u00f3gico de cultivos vegetales, bajo condiciones de suelo y climas futuros, producto del cambio clim\u00e1tico.<\/p>\n\n\n\n<p>Este proyecto de investigaci\u00f3n aplicada est\u00e1 financiado por el Fondo de Innovaci\u00f3n a la Competitividad del Gobierno Regional, destinando un monto aproximado de 150 millones de pesos para su ejecuci\u00f3n.<\/p>\n\n\n\n<p>El director del Proyecto Ecotr\u00f3n Atacama, Dr. en Ciencias Biol\u00f3gicas, R\u00f3mulo Oses, expres\u00f3 que \u201cel foco del proyecto es poder implementar en la regi\u00f3n el primer Laboratorio Tecnol\u00f3gico, en Chile y Latinoam\u00e9rica, con un sistema para la simulaci\u00f3n y monitoreo de variables ambientales, espec\u00edficamente destinado a monitorear qu\u00e9 pasa con el suelo y el clima, que nos permita estudiar el comportamiento de las plantas, concretamente de algunos cultivos de inter\u00e9s agron\u00f3mico para la regi\u00f3n\u201d.<\/p>\n\n\n\n<p class=\"has-text-align-center\"><strong>PROYECTO SUSTENTABLE<\/strong><\/p>\n\n\n\n<p>El Proyecto Ecotr\u00f3n Atacama cuenta con una fuerte participaci\u00f3n de entidades asociadas no s\u00f3lo nacionales, sino tambi\u00e9n internacionales. \u201cCada agricultor, cada asociaci\u00f3n que ha colaborado con el proyecto ha puesto a disposici\u00f3n una persona de enlace, con la cual estamos en contacto y hemos tenido retroalimentaci\u00f3n activa y positiva\u201d, destac\u00f3 director del Proyecto.<\/p>\n\n\n\n<p>El Dr. en Ciencias Biol\u00f3gicas explic\u00f3 que, el objetivo que persigue esta iniciativa, es simular el clima de la Regi\u00f3n de Atacama hacia el a\u00f1o 2030, ya proyectado bajo el cambio clim\u00e1tico, \u201cde esta manera, podemos ayudar a los agricultores para que ellos puedan tomar decisiones mejores, ya sea para instalar nuevas variedades de plantas o para estudiar el comportamiento de las que hoy d\u00eda est\u00e1n y as\u00ed identificar cu\u00e1les son las m\u00e1s adecuadas en la Regi\u00f3n, en el escenario futuro\u201d.<\/p>\n\n\n\n<p>En tanto, la Encargada de Coordinaci\u00f3n y Vinculaci\u00f3n del Proyecto Ecotr\u00f3n Atacama, Paola Haro, afirm\u00f3 que \u201ces sabido que la Regi\u00f3n de Atacama y el Norte de Chile, va a ser una macro zona que se ver\u00e1 afectada fuertemente por el cambio clim\u00e1tico y justamente a eso apuntamos, qu\u00e9 medidas se pueden tomar de forma anticipada, si es que sabemos c\u00f3mo se van a comportar determinados cultivos que son de inter\u00e9s para la zona\u201d.<\/p>\n\n\n\n<p class=\"has-text-align-center\"><strong>EQUIPO MULTIDISCIPLINARIO<\/strong><\/p>\n\n\n\n<p>El Dr. R\u00f3mulo Oses destaca la importancia de la conformaci\u00f3n de un equipo multidisciplinario para la ejecuci\u00f3n de este proyecto: \u201cEl proyecto tiene un equipo t\u00e9cnico que incluye cient\u00edficos, y gestores tecnol\u00f3gicos. En concreto la Universidad tiene el equipo CRIDESAT, en donde hay expertos en Gen\u00e9tica, Microbiolog\u00eda, Suelo, Agronom\u00eda, m\u00e1s un equipo de profesionales de la Facultad de Ingenier\u00eda, quienes aportan todo el conocimiento en manejo de base de datos. Pero adem\u00e1s tenemos un brazo derecho externo que est\u00e1 trabajando con especialistas, como la asociaci\u00f3n de exportadores de Copiap\u00f3, APECO\u201d.<\/p>\n\n\n\n<p>\u201cTenemos un trabajo multidisciplinario importante, no solamente de la Universidad con el mundo acad\u00e9mico, privado y p\u00fablico, sino tambi\u00e9n con el Gobierno Regional, que est\u00e1 al tanto de lo que estamos haciendo. Nuestro equipo cubre todos los aspectos del Ecosistema de Innovaci\u00f3n, dentro del Escenario Agro de la Regi\u00f3n de Atacama, all\u00ed radica la importancia del proyecto. No es solamente una idea que parti\u00f3 de la Universidad, sino que tiene un lineamiento muy importante con la realidad actual\u201d, enfatiz\u00f3 el acad\u00e9mico.<\/p>\n\n\n\n<p>Por su parte, la Encargada de Coordinaci\u00f3n y Vinculaci\u00f3n de la iniciativa manifest\u00f3 que<strong>&nbsp;\u201c<\/strong>es un proyecto que permite articular distintas \u00e1reas de investigaci\u00f3n, tambi\u00e9n lo estamos pensando con un enfoque fuerte hacia la sociedad, ese es el importante aporte, la articulaci\u00f3n transdisciplinaria que pretende tener este proyecto. Si bien Atacama es principalmente conocida por el sector minero, no es menor el hecho que se requiera fortalecer la agricultura, principalmente la peque\u00f1a agricultura de la zona\u201d.<\/p>\n\n\n\n<p class=\"has-text-align-center\"><strong>ETAPAS<\/strong><\/p>\n\n\n\n<p>La iniciativa que inici\u00f3 formalmente en octubre de 2019, posee cinco etapas y actualmente se encuentran trabajando en la primera fase de&nbsp;diagn\u00f3stico de la realidad agr\u00edcola de la regi\u00f3n,&nbsp;con los equipos t\u00e9cnicos ya conformados y las l\u00edneas principales de investigaci\u00f3n establecidas.<\/p>\n\n\n\n<p>De acuerdo al Dr. Oses, \u201chemos licitado dos estudios de Benchmarking, para saber de qu\u00e9 se tratan los Ecotrones en el mundo y de esta manera rescatar la mejor informaci\u00f3n para dise\u00f1ar nuestro propio Ecotr\u00f3n Atacama, adoptado a nuestras realidades. Estamos viendo opciones de dise\u00f1o, que incluyen habilitar un container, de modo tal que sea una c\u00e1mara de simulaci\u00f3n con controles de temperatura, de humedad, y que tenga la capacidad de ser desplazable\u201d.<\/p>\n\n\n\n<p>En esta misma l\u00ednea, se\u00f1al\u00f3 que \u201cestamos trabajando en la definici\u00f3n de criterios t\u00e9cnicos para obtener un dise\u00f1o propio de modo tal que en el segundo semestre ya podamos estar iniciando la construcci\u00f3n e implementaci\u00f3n de este equipamiento en la Universidad. Por otro lado, hemos estado generando un plan de comunicaci\u00f3n y difusi\u00f3n\u201d.<\/p>\n\n\n\n<p>Paralelamente, la Encargada de Coordinaci\u00f3n y Vinculaci\u00f3n del proyecto explic\u00f3 que \u201clas c\u00e1maras contar\u00edan con una serie de sistemas que generar\u00edan condiciones en su interior, como lluvia, control de temperatura tanto a nivel de superficie de planta, como a nivel de suelo y concentraci\u00f3n de CO2. Por otro lado, una serie de sensores ir\u00edan monitoreando el comportamiento de la planta y controlando las condiciones que estamos replicando en el interior\u201d.<\/p>\n\n\n\n<p class=\"has-text-align-center\"><strong>RECURSO HUMANO AVANZADO<\/strong><\/p>\n\n\n\n<p>El Dr. R\u00f3mulo Oses dijo que: \u201cEs importante destacar que ya estamos proyectando un FIC 2, en donde podamos estudiar, por ejemplo, el efecto que tiene la recesi\u00f3n h\u00eddrica sobre variedades de Uva de Mesa, es decir, que tome en consideraci\u00f3n las problem\u00e1ticas principales de Atacama, c\u00f3mo es tambi\u00e9n la falta de agua, la calidad de este recurso h\u00eddrico y c\u00f3mo trabajar con uno de los suelos m\u00e1s salinos que hay en todo Chile\u201d.<\/p>\n\n\n\n<p>El Proyecto Ecotr\u00f3n Atacama tiene tambi\u00e9n una componente que va dirigido a la capacitaci\u00f3n y difusi\u00f3n de recurso humano avanzado que est\u00e1 en la regi\u00f3n. \u201cNo sacamos nada con tener la mejor infraestructura, que pueda simular, y monitorear, si no hay formaci\u00f3n de recurso humano para que pueda operar. En este sentido, estamos contemplando formar personal capacitado en la Universidad, ya sea ingenieros o estudiantes de T\u00e9cnico Agr\u00edcola. Por lo que, el primer paso ser\u00eda dar a conocer lo que es un Ecotr\u00f3n, para luego comenzar a brindar capacitaciones\u201d. afirm\u00f3 el profesional.<\/p>\n\n\n\n<p>Finalmente, Paola Haro, indic\u00f3 que si bien la contingencia sanitaria actual de Covid-19, implic\u00f3 cambiar muchas actividades presenciales por la adaptaci\u00f3n al nuevo sistema de virtualidad, el equipo que lidera esta importante iniciativa busca que \u201cEcotr\u00f3n Atacama\u201d est\u00e9 operativo s\u00ed o s\u00ed para el 2021.<\/p>\n","protected":false},"excerpt":{"rendered":"<p>El equipo multidisciplinario a cargo del Proyecto Ecotr\u00f3n Atacama busca que esta importante iniciativa est\u00e9 en funcionamiento investigativo en el a\u00f1o 2021. El Centro Regional&hellip; <\/p>\n","protected":false},"author":2,"featured_media":25219,"comment_status":"open","ping_status":"closed","sticky":false,"template":"","format":"standard","meta":{"footnotes":""},"categories":[7],"tags":[],"class_list":["post-25218","post","type-post","status-publish","format-standard","has-post-thumbnail","hentry","category-atacama"],"_links":{"self":[{"href":"https:\/\/www.radioamigavallenar.cl\/index.php?rest_route=\/wp\/v2\/posts\/25218","targetHints":{"allow":["GET"]}}],"collection":[{"href":"https:\/\/www.radioamigavallenar.cl\/index.php?rest_route=\/wp\/v2\/posts"}],"about":[{"href":"https:\/\/www.radioamigavallenar.cl\/index.php?rest_route=\/wp\/v2\/types\/post"}],"author":[{"embeddable":true,"href":"https:\/\/www.radioamigavallenar.cl\/index.php?rest_route=\/wp\/v2\/users\/2"}],"replies":[{"embeddable":true,"href":"https:\/\/www.radioamigavallenar.cl\/index.php?rest_route=%2Fwp%2Fv2%2Fcomments&post=25218"}],"version-history":[{"count":0,"href":"https:\/\/www.radioamigavallenar.cl\/index.php?rest_route=\/wp\/v2\/posts\/25218\/revisions"}],"wp:featuredmedia":[{"embeddable":true,"href":"https:\/\/www.radioamigavallenar.cl\/index.php?rest_route=\/wp\/v2\/media\/25219"}],"wp:attachment":[{"href":"https:\/\/www.radioamigavallenar.cl\/index.php?rest_route=%2Fwp%2Fv2%2Fmedia&parent=25218"}],"wp:term":[{"taxonomy":"category","embeddable":true,"href":"https:\/\/www.radioamigavallenar.cl\/index.php?rest_route=%2Fwp%2Fv2%2Fcategories&post=25218"},{"taxonomy":"post_tag","embeddable":true,"href":"https:\/\/www.radioamigavallenar.cl\/index.php?rest_route=%2Fwp%2Fv2%2Ftags&post=25218"}],"curies":[{"name":"wp","href":"https:\/\/api.w.org\/{rel}","templated":true}]}}