{"id":25209,"date":"2020-06-12T07:03:22","date_gmt":"2020-06-12T11:03:22","guid":{"rendered":"https:\/\/www.radioamigavallenar.cl\/?p=25209"},"modified":"2020-06-12T07:03:23","modified_gmt":"2020-06-12T11:03:23","slug":"senado-despacho-a-ley-la-prohibicion-del-corte-de-suministros-de-servicios-basicos-durante-la-pandemia","status":"publish","type":"post","link":"https:\/\/www.radioamigavallenar.cl\/?p=25209","title":{"rendered":"Senado despach\u00f3 a ley la prohibici\u00f3n del corte de suministros de servicios b\u00e1sicos durante la pandemia"},"content":{"rendered":"\n<div class=\"wp-block-image\"><figure class=\"aligncenter size-large\"><img loading=\"lazy\" decoding=\"async\" width=\"710\" height=\"399\" src=\"https:\/\/www.radioamigavallenar.cl\/wp-content\/uploads\/2020\/06\/file_20200611140754.jpg\" alt=\"\" class=\"wp-image-25210\" srcset=\"https:\/\/www.radioamigavallenar.cl\/wp-content\/uploads\/2020\/06\/file_20200611140754.jpg 710w, https:\/\/www.radioamigavallenar.cl\/wp-content\/uploads\/2020\/06\/file_20200611140754-300x169.jpg 300w\" sizes=\"auto, (max-width: 710px) 100vw, 710px\" \/><\/figure><\/div>\n\n\n\n<p>La iniciativa fue aprobada por 28 votos a favor, ninguno en contra y 10 abstenciones.<\/p>\n\n\n\n<p>El Senado aprob\u00f3 y despach\u00f3 a ley el proyecto que<strong>\u00a0<\/strong>proh\u00edbe el corte del suministro de servicios b\u00e1sicos -luz, agua, telefon\u00eda, internet y gas\u2013 durante la duraci\u00f3n del estado de emergencia por la pandemia de Covid-19.<\/p>\n\n\n\n<p>La iniciativa fue visada por\u00a028 votos a favor, ninguno en contra y 10 abstenciones, estas \u00faltimas principalmente de parlamentarios oficialistas de la UDI.<\/p>\n\n\n\n<p>Esta nueva ley permite posponer el pago de estas cuentas hasta superada la emergencia y con la posibilidad de hacerlo hasta en 12 cuotas, como prefiera el cliente, adem\u00e1s comenzar\u00e1 a regir para cuentas cuyo vencimiento fue el 18 de marzo en adelante, hasta 90 d\u00edas despu\u00e9s de publicada la ley.<\/p>\n\n\n\n<p>El beneficio\u00a0debe ser solicitado por las personas a las compa\u00f1\u00edas para que sea activado,\u00a0mientras que\u00a0personas que eventualmente tengan los suministros cortados por no pago,\u00a0los usuarios\u00a0tendr\u00e1n el derecho a la reposici\u00f3n sin costo.\u00a0\u00a0<\/p>\n\n\n\n<p>Varios parlamentarios consideran que este proyecto va a servir como precedente de que el Estado puede tomar este tipo de medidas para proteger a los consumidores en situaciones especiales como esta.<\/p>\n\n\n\n<p>Para la senadora DC\u00a0Yasna Provoste<strong>,<\/strong>\u00a0esta ley \u00abva m\u00e1s all\u00e1\u00bb del acuerdo alcanzado en marzo entre el Ejecutivo y las empresas, el cual contemplaba solo hasta el 40 por ciento m\u00e1s vulnerable de la poblaci\u00f3n.<\/p>\n\n\n\n<p>\u00abEste es un beneficio que al menos el 60 por ciento de la poblaci\u00f3n m\u00e1s vulnerable y a todos los casos especiales que cambiaron o cambian su situaci\u00f3n debido a la pandemia van a poder acceder.\u00a0Este proyecto de ley adem\u00e1s incluye el gas de red, que no contemplaba el acuerdo del Gobierno\u00bb, sostuvo.<\/p>\n\n\n\n<p>Asimismo, esta iniciativa incluye que las empresas de internet deben proveer este servicio de forma gratuita para unos dos millones de estudiantes vulnerables.<\/p>\n\n\n\n<p class=\"has-text-align-center\"><strong>Parlamentarios UDI cuestionaron constitucionalidad<\/strong><\/p>\n\n\n\n<p>Durante la tramitaci\u00f3n de esta norma, parlamentarios de la UDI volvieron a cuestionar su constitucionalidad, pese a las buenas intenciones.<\/p>\n\n\n\n<p>\u00abUno puede entender que hay una buena idea o un buen prop\u00f3sito, es razonable actuar de esa manera, pero al hacerlo<strong>\u00a0<\/strong>no se repara cuales son los efectos constitucionales de esa acci\u00f3n\u00a0y aqu\u00ed se vulneran claramente\u00a0el art\u00edculo 19, n\u00famero 24 (derecho de propiedad) y 26 (afectaci\u00f3n a los derechos garantizados en la Carta Magna) de la Constituci\u00f3n\u00ab, dijo el senador\u00a0Juan Antonio Coloma.<\/p>\n\n\n\n<p>Asimismo, la senadora gremialista Ena von Baer advirti\u00f3 que a partir de esta ley las empresas afectadas podr\u00edan demandas al Estado, mientras que su correligionario Jos\u00e9 Durana lament\u00f3 que la ley no establezca un l\u00edmite m\u00e1ximo de consumo de agua potable para acceder al beneficio.<\/p>\n\n\n\n<p>Mientras, el senador socialista\u00a0Jos\u00e9 Miguel Insulza\u00a0desestim\u00f3 los cuestionamientos de la UDI.<\/p>\n\n\n\n<p>\u00abNo le estamos quitando el agua a los se\u00f1ores propietarios ni da\u00f1ando esencialmente su derecho como dice el (art\u00edculo 19) n\u00famero 26 (de la Constituci\u00f3n) sino que simplemente postergando el pago por razones de emergencia y necesidad p\u00fablica, no creo que esto sea una violaci\u00f3n de la Constituci\u00f3n en ning\u00fan caso\u00bb, enfatiz\u00f3.<\/p>\n","protected":false},"excerpt":{"rendered":"<p>La iniciativa fue aprobada por 28 votos a favor, ninguno en contra y 10 abstenciones. El Senado aprob\u00f3 y despach\u00f3 a ley el proyecto que\u00a0proh\u00edbe&hellip; <\/p>\n","protected":false},"author":2,"featured_media":25210,"comment_status":"open","ping_status":"closed","sticky":false,"template":"","format":"standard","meta":{"footnotes":""},"categories":[7,37],"tags":[],"class_list":["post-25209","post","type-post","status-publish","format-standard","has-post-thumbnail","hentry","category-atacama","category-nacional"],"_links":{"self":[{"href":"https:\/\/www.radioamigavallenar.cl\/index.php?rest_route=\/wp\/v2\/posts\/25209","targetHints":{"allow":["GET"]}}],"collection":[{"href":"https:\/\/www.radioamigavallenar.cl\/index.php?rest_route=\/wp\/v2\/posts"}],"about":[{"href":"https:\/\/www.radioamigavallenar.cl\/index.php?rest_route=\/wp\/v2\/types\/post"}],"author":[{"embeddable":true,"href":"https:\/\/www.radioamigavallenar.cl\/index.php?rest_route=\/wp\/v2\/users\/2"}],"replies":[{"embeddable":true,"href":"https:\/\/www.radioamigavallenar.cl\/index.php?rest_route=%2Fwp%2Fv2%2Fcomments&post=25209"}],"version-history":[{"count":0,"href":"https:\/\/www.radioamigavallenar.cl\/index.php?rest_route=\/wp\/v2\/posts\/25209\/revisions"}],"wp:featuredmedia":[{"embeddable":true,"href":"https:\/\/www.radioamigavallenar.cl\/index.php?rest_route=\/wp\/v2\/media\/25210"}],"wp:attachment":[{"href":"https:\/\/www.radioamigavallenar.cl\/index.php?rest_route=%2Fwp%2Fv2%2Fmedia&parent=25209"}],"wp:term":[{"taxonomy":"category","embeddable":true,"href":"https:\/\/www.radioamigavallenar.cl\/index.php?rest_route=%2Fwp%2Fv2%2Fcategories&post=25209"},{"taxonomy":"post_tag","embeddable":true,"href":"https:\/\/www.radioamigavallenar.cl\/index.php?rest_route=%2Fwp%2Fv2%2Ftags&post=25209"}],"curies":[{"name":"wp","href":"https:\/\/api.w.org\/{rel}","templated":true}]}}