{"id":25206,"date":"2020-06-12T07:00:33","date_gmt":"2020-06-12T11:00:33","guid":{"rendered":"https:\/\/www.radioamigavallenar.cl\/?p=25206"},"modified":"2020-06-12T07:00:34","modified_gmt":"2020-06-12T11:00:34","slug":"gobierno-entrega-mas-de-1-000-cajas-de-alimentos-a-las-familias-de-freirina","status":"publish","type":"post","link":"https:\/\/www.radioamigavallenar.cl\/?p=25206","title":{"rendered":"Gobierno entrega m\u00e1s de 1.000 cajas de alimentos a las familias de Freirina."},"content":{"rendered":"\n<div class=\"wp-block-image\"><figure class=\"aligncenter size-large\"><img loading=\"lazy\" decoding=\"async\" width=\"800\" height=\"600\" src=\"https:\/\/www.radioamigavallenar.cl\/wp-content\/uploads\/2020\/06\/WhatsApp-Image-2020-06-11-at-17.47.44-800x600-1.jpeg\" alt=\"\" class=\"wp-image-25207\" srcset=\"https:\/\/www.radioamigavallenar.cl\/wp-content\/uploads\/2020\/06\/WhatsApp-Image-2020-06-11-at-17.47.44-800x600-1.jpeg 800w, https:\/\/www.radioamigavallenar.cl\/wp-content\/uploads\/2020\/06\/WhatsApp-Image-2020-06-11-at-17.47.44-800x600-1-300x225.jpeg 300w, https:\/\/www.radioamigavallenar.cl\/wp-content\/uploads\/2020\/06\/WhatsApp-Image-2020-06-11-at-17.47.44-800x600-1-768x576.jpeg 768w\" sizes=\"auto, (max-width: 800px) 100vw, 800px\" \/><\/figure><\/div>\n\n\n\n<p><strong>A estas cajas, se suman las 1.500 entregadas durante el fin de semana en la comuna de Alto del Carmen.<\/strong><\/p>\n\n\n\n<p>El Gobierno realiz\u00f3 una nueva jornada de entrega de canastas familiares, en esta oportunidad, las autoridades llegaron hasta la comuna de Freirina, en donde las Fuerzas Armadas y de orden p\u00fablico, las autoridades de Gobierno, funcionarios municipales, y personas voluntarias trabajaron en la entrega de esta ayuda.<\/p>\n\n\n\n<p>Al respecto, el Intendente de Atacama, Patricio Urquieta, dijo que \u201choy estamos en la comuna de Freirina distribuyendo las cajas de alimentos que corresponden al Plan Alimentos para Chile que es una iniciativa del Presidente Pi\u00f1era y que ha contado con la colaboraci\u00f3n de consejeros regionales, autoridades locales, precisamente para que podamos llegar lo antes posible a las familias que m\u00e1s necesitan de este apoyo y ayuda que sabemos que es tan importante en tiempos dif\u00edciles, por eso estamos contentos, porque la organizaci\u00f3n y la coordinaci\u00f3n junto a los equipos municipales, ha permitido que el despliegue de los funcionarios p\u00fablicos llegue a todos los rincones de las comunas y hacerlo de manera adecuada, oportuna, sobre todo con el cari\u00f1o que caracteriza esta campa\u00f1a que ha sido uno de los motores que ha impulsado el Presidente para poder ayudar a las familias m\u00e1s vulnerables\u201d.<\/p>\n\n\n\n<p>A esto, el Intendente Urquieta agreg\u00f3 que \u201cse suma adem\u00e1s al trabajo que ven\u00edamos desarrollando con el pago del Bono Covid, el Ingreso Familiar de Emergencia que ya se esta pagando incluso a las personas que postularon entre el 20 y el 30 de mayo para este subsidio adicional, y tambi\u00e9n el Ingreso M\u00ednimo Garantizado que es otro subsidio que se est\u00e1 pagando a las personas que tienen contrato de trabajo por 389 mil pesos brutos o menos para alcanzar un piso l\u00edquido de 300 mil pesos, as\u00ed que continuamos con esta labor, vamos a seguir desarrollando nuestro mejor esfuerzo precisamente para llegar con esta ayuda a todos los rincones de la regi\u00f3n, y en consecuencia vamos a continuar avanzando con la dem\u00e1s comunas de la Provincia del Huasco para trasladarnos a continuaci\u00f3n a la Provincia de Copiap\u00f3\u201d.<\/p>\n\n\n\n<p>El programa, que prev\u00e9 distribuir 30 mil canastas de alimentos y productos de higiene en Atacama, comenz\u00f3 a ejecutarse en la comuna de Alto del Carmen el pasado 06 de junio, como una ayuda directa a las familias.<\/p>\n\n\n\n<p>Este enorme esfuerzo log\u00edstico cuenta con la colaboraci\u00f3n y participaci\u00f3n directa de los alcaldes de cada comuna, para ejecutar la entrega de la manera m\u00e1s efectiva posible.<\/p>\n\n\n\n<p>Las canastas son entregadas directamente en los hogares, sin la necesidad de que los beneficiarios salgan de sus residencias, con la finalidad de poder resguardar al m\u00e1ximo a la poblaci\u00f3n. Esta canasta est\u00e1 pensada como un complemento para la alimentaci\u00f3n y cuidados de una familia de 4 personas durante 15 d\u00edas. El detalle de los productos podr\u00eda variar, pero siempre ser\u00e1n equivalentes.<\/p>\n\n\n\n<p>La campa\u00f1a forma parte de la Red de Protecci\u00f3n Social que ha puesto en marcha el Gobierno del Presidente Pi\u00f1era para apoyar a las familias chilenas, sobre todo a las m\u00e1s vulnerables y de clase media. En total, m\u00e1s de 10 millones de personas est\u00e1n recibiendo alg\u00fan tipo de ayuda de la red implementada para hacer frente a la crisis social derivada de la pandemia del Coronavirus.<\/p>\n","protected":false},"excerpt":{"rendered":"<p>A estas cajas, se suman las 1.500 entregadas durante el fin de semana en la comuna de Alto del Carmen. El Gobierno realiz\u00f3 una nueva&hellip; <\/p>\n","protected":false},"author":2,"featured_media":25207,"comment_status":"open","ping_status":"closed","sticky":false,"template":"","format":"standard","meta":{"footnotes":""},"categories":[7,3,1],"tags":[],"class_list":["post-25206","post","type-post","status-publish","format-standard","has-post-thumbnail","hentry","category-atacama","category-freirina","category-provincia-del-huasco-2"],"_links":{"self":[{"href":"https:\/\/www.radioamigavallenar.cl\/index.php?rest_route=\/wp\/v2\/posts\/25206","targetHints":{"allow":["GET"]}}],"collection":[{"href":"https:\/\/www.radioamigavallenar.cl\/index.php?rest_route=\/wp\/v2\/posts"}],"about":[{"href":"https:\/\/www.radioamigavallenar.cl\/index.php?rest_route=\/wp\/v2\/types\/post"}],"author":[{"embeddable":true,"href":"https:\/\/www.radioamigavallenar.cl\/index.php?rest_route=\/wp\/v2\/users\/2"}],"replies":[{"embeddable":true,"href":"https:\/\/www.radioamigavallenar.cl\/index.php?rest_route=%2Fwp%2Fv2%2Fcomments&post=25206"}],"version-history":[{"count":0,"href":"https:\/\/www.radioamigavallenar.cl\/index.php?rest_route=\/wp\/v2\/posts\/25206\/revisions"}],"wp:featuredmedia":[{"embeddable":true,"href":"https:\/\/www.radioamigavallenar.cl\/index.php?rest_route=\/wp\/v2\/media\/25207"}],"wp:attachment":[{"href":"https:\/\/www.radioamigavallenar.cl\/index.php?rest_route=%2Fwp%2Fv2%2Fmedia&parent=25206"}],"wp:term":[{"taxonomy":"category","embeddable":true,"href":"https:\/\/www.radioamigavallenar.cl\/index.php?rest_route=%2Fwp%2Fv2%2Fcategories&post=25206"},{"taxonomy":"post_tag","embeddable":true,"href":"https:\/\/www.radioamigavallenar.cl\/index.php?rest_route=%2Fwp%2Fv2%2Ftags&post=25206"}],"curies":[{"name":"wp","href":"https:\/\/api.w.org\/{rel}","templated":true}]}}