{"id":25202,"date":"2020-06-12T06:58:25","date_gmt":"2020-06-12T10:58:25","guid":{"rendered":"https:\/\/www.radioamigavallenar.cl\/?p=25202"},"modified":"2020-06-12T06:58:26","modified_gmt":"2020-06-12T10:58:26","slug":"red-de-salud-recibe-donacion-de-insumos-de-higiene-y-proteccion-personal-de-empresa-de-energia","status":"publish","type":"post","link":"https:\/\/www.radioamigavallenar.cl\/?p=25202","title":{"rendered":"Red de Salud recibe donaci\u00f3n de insumos de higiene y protecci\u00f3n personal de empresa de energ\u00eda"},"content":{"rendered":"\n<div class=\"wp-block-image\"><figure class=\"aligncenter size-large\"><img loading=\"lazy\" decoding=\"async\" width=\"800\" height=\"545\" src=\"https:\/\/www.radioamigavallenar.cl\/wp-content\/uploads\/2020\/06\/Donaci\u00f3n-Mainstream-800x545-1.jpg\" alt=\"\" class=\"wp-image-25203\" srcset=\"https:\/\/www.radioamigavallenar.cl\/wp-content\/uploads\/2020\/06\/Donaci\u00f3n-Mainstream-800x545-1.jpg 800w, https:\/\/www.radioamigavallenar.cl\/wp-content\/uploads\/2020\/06\/Donaci\u00f3n-Mainstream-800x545-1-300x204.jpg 300w, https:\/\/www.radioamigavallenar.cl\/wp-content\/uploads\/2020\/06\/Donaci\u00f3n-Mainstream-800x545-1-768x523.jpg 768w\" sizes=\"auto, (max-width: 800px) 100vw, 800px\" \/><\/figure><\/div>\n\n\n\n<p><strong>Los implementos tienen como fin apoyar el Plan de Emergencia Regional frente al Coronavirus.<\/strong><\/p>\n\n\n\n<p>Una donaci\u00f3n consistente en insumos de higiene y protecci\u00f3n personal realiz\u00f3 la Empresa Mainstream a la Seremi de Salud de Atacama, con el objetivo de apoyar el Plan de Emergencia Regional frente al Coronavirus.<\/p>\n\n\n\n<p>\u201cAgradecemos la donaci\u00f3n de las empresas, en esta ocasi\u00f3n de Mainstream, quien ha hecho entrega de una importante donaci\u00f3n a nuestra red de salud regional. Estamos muy contentos de ver el compromiso de las empresas de nuestro sector con el personal de salud, que tantos sacrificios ha realizado, especialmente, en el marco de esta pandemia\u201d, sostuvo en la ocasi\u00f3n, la seremi de Energ\u00eda de Atacama, Kim-Fa Bondi.<\/p>\n\n\n\n<p>Por su parte, el seremi de Salud, Basti\u00e1n Hermosilla, afirm\u00f3 que: \u201cagradecemos a la empresa su donaci\u00f3n de insumos de higiene y de protecci\u00f3n personal, los cuales son insumos muy necesarios en esta pandemia, ellos estar\u00e1n destinados para el cuidado de nuestros funcionarios que se encuentran en las aduanas sanitarias, resguardando y protegiendo la salud de nuestra regi\u00f3n\u201d.<\/p>\n\n\n\n<p>En tanto que, Ana Mar\u00eda Argando\u00f1a, gerente de asuntos corporativos de Mainstream, se\u00f1al\u00f3: \u201cPara Mainstream la salud y seguridad de todos nuestros colaboradores,&nbsp; comunidades y vecinos donde estamos presentes es un valor fundamental y esta donaci\u00f3n que estamos realizando junto a la Seremi de Energ\u00eda de Atacama, busca resguardar la salud y seguridad de las personas de la regi\u00f3n a trav\u00e9s de la entrega de diversos insumos sanitarios, que, en la actual crisis sanitaria, se han transformado en art\u00edculos de primera necesidad para muchas familias\u201d.<\/p>\n\n\n\n<p>Seg\u00fan destac\u00f3 la seremi Bondi, la donaci\u00f3n es muestra del valor de la alianza p\u00fablico-privada y de la comunicaci\u00f3n constante con la industria energ\u00e9tica presente en la regi\u00f3n de Atacama, pues surgi\u00f3 en el marco de las reuniones peri\u00f3dicas que sostiene la Seremi de Energ\u00eda con los titulares de empresas del sector, permitiendo un actuar coordinado para distinguir las \u00e1reas en que era m\u00e1s necesaria esta ayuda, de manera de ser eficientes y eficaces a la hora de colaborar.<\/p>\n","protected":false},"excerpt":{"rendered":"<p>Los implementos tienen como fin apoyar el Plan de Emergencia Regional frente al Coronavirus. Una donaci\u00f3n consistente en insumos de higiene y protecci\u00f3n personal realiz\u00f3&hellip; <\/p>\n","protected":false},"author":2,"featured_media":25203,"comment_status":"open","ping_status":"closed","sticky":false,"template":"","format":"standard","meta":{"footnotes":""},"categories":[7],"tags":[],"class_list":["post-25202","post","type-post","status-publish","format-standard","has-post-thumbnail","hentry","category-atacama"],"_links":{"self":[{"href":"https:\/\/www.radioamigavallenar.cl\/index.php?rest_route=\/wp\/v2\/posts\/25202","targetHints":{"allow":["GET"]}}],"collection":[{"href":"https:\/\/www.radioamigavallenar.cl\/index.php?rest_route=\/wp\/v2\/posts"}],"about":[{"href":"https:\/\/www.radioamigavallenar.cl\/index.php?rest_route=\/wp\/v2\/types\/post"}],"author":[{"embeddable":true,"href":"https:\/\/www.radioamigavallenar.cl\/index.php?rest_route=\/wp\/v2\/users\/2"}],"replies":[{"embeddable":true,"href":"https:\/\/www.radioamigavallenar.cl\/index.php?rest_route=%2Fwp%2Fv2%2Fcomments&post=25202"}],"version-history":[{"count":0,"href":"https:\/\/www.radioamigavallenar.cl\/index.php?rest_route=\/wp\/v2\/posts\/25202\/revisions"}],"wp:featuredmedia":[{"embeddable":true,"href":"https:\/\/www.radioamigavallenar.cl\/index.php?rest_route=\/wp\/v2\/media\/25203"}],"wp:attachment":[{"href":"https:\/\/www.radioamigavallenar.cl\/index.php?rest_route=%2Fwp%2Fv2%2Fmedia&parent=25202"}],"wp:term":[{"taxonomy":"category","embeddable":true,"href":"https:\/\/www.radioamigavallenar.cl\/index.php?rest_route=%2Fwp%2Fv2%2Fcategories&post=25202"},{"taxonomy":"post_tag","embeddable":true,"href":"https:\/\/www.radioamigavallenar.cl\/index.php?rest_route=%2Fwp%2Fv2%2Ftags&post=25202"}],"curies":[{"name":"wp","href":"https:\/\/api.w.org\/{rel}","templated":true}]}}