{"id":25199,"date":"2020-06-11T12:49:15","date_gmt":"2020-06-11T16:49:15","guid":{"rendered":"https:\/\/www.radioamigavallenar.cl\/?p=25199"},"modified":"2020-06-11T12:49:16","modified_gmt":"2020-06-11T16:49:16","slug":"tecnologia-para-medir-temperatura-y-campanas-informativas-las-medidas-aplicadas-por-minera-de-atacama-para-prevenir-el-coronavirus","status":"publish","type":"post","link":"https:\/\/www.radioamigavallenar.cl\/?p=25199","title":{"rendered":"Tecnolog\u00eda para medir temperatura y campa\u00f1as informativas: las medidas aplicadas por minera de Atacama para prevenir el Coronavirus."},"content":{"rendered":"\n<div class=\"wp-block-image\"><figure class=\"aligncenter size-large\"><img loading=\"lazy\" decoding=\"async\" width=\"750\" height=\"400\" src=\"https:\/\/www.radioamigavallenar.cl\/wp-content\/uploads\/2020\/06\/Tecnologia-para-medir-temperatura-en-mineria-1.jpg\" alt=\"\" class=\"wp-image-25200\" srcset=\"https:\/\/www.radioamigavallenar.cl\/wp-content\/uploads\/2020\/06\/Tecnologia-para-medir-temperatura-en-mineria-1.jpg 750w, https:\/\/www.radioamigavallenar.cl\/wp-content\/uploads\/2020\/06\/Tecnologia-para-medir-temperatura-en-mineria-1-300x160.jpg 300w\" sizes=\"auto, (max-width: 750px) 100vw, 750px\" \/><\/figure><\/div>\n\n\n\n<p><strong>El ministro de Miner\u00eda, Baldo Prokurica, anunci\u00f3 hace unos d\u00edas que autoridades de la cartera en regiones reforzar\u00edan el trabajo territorial para chequear las condiciones de seguridad de las faenas mineras.<\/strong><\/p>\n\n\n\n<p>Un importante despliegue en la Regi\u00f3n de Atacama ha tenido por estos d\u00edas, para verificar los protocolos aplicados por parte de las empresas para prevenir el Coronavirus.<\/p>\n\n\n\n<p>En su visita a la planta Atacama Kozan, la autoridad regional destac\u00f3 la implementaci\u00f3n de un moderno arco detector de temperatura corporal, que entre sus caracter\u00edsticas considera una alta precisi\u00f3n el registro (+\/- 0,3\u00b0), demora un segundo en entregar el resultado, puede aplicarse a varias personas simult\u00e1neamente, y utiliza Inteligencia Artificial para reducir las falsas alarmas de otras fuentes de calor. Adem\u00e1s, el aparato cumple con normativa internacional.<\/p>\n\n\n\n<p>Para el seremi Cristian Alvayai, \u201cmientras m\u00e1s medidas y controles se apliquen en cada una de las faenas mineras, mayores probabilidades tenemos de prevenir la pandemia. Valoramos todos los esfuerzos que est\u00e1 haciendo la miner\u00eda para continuar las operaciones, que seguir\u00e1n bajo nuestra atenta mirada y seguimiento, pues la prioridad es resguardar la salud de los trabajadores\u201d.<\/p>\n\n\n\n<p>Desde la minera aseguran que han establecido estrictos protocolos para dar cumplimiento a las resoluciones de la Seremi de Salud.<\/p>\n\n\n\n<p>El sub gerente general de Atacama Kozan, Jorge Guerra, indic\u00f3 que han incorporado personal param\u00e9dico \u201cen cada uno de los buses de transporte de personal (quienes eval\u00faan a cada trabajador antes de subir), campa\u00f1as educativas e informativas de higiene de manos, protecci\u00f3n con mascarillas y lentes, distancia social y segregaci\u00f3n de \u00e1reas comunes\u201d.<\/p>\n","protected":false},"excerpt":{"rendered":"<p>El ministro de Miner\u00eda, Baldo Prokurica, anunci\u00f3 hace unos d\u00edas que autoridades de la cartera en regiones reforzar\u00edan el trabajo territorial para chequear las condiciones&hellip; <\/p>\n","protected":false},"author":2,"featured_media":25200,"comment_status":"open","ping_status":"closed","sticky":false,"template":"","format":"standard","meta":{"footnotes":""},"categories":[7,34],"tags":[],"class_list":["post-25199","post","type-post","status-publish","format-standard","has-post-thumbnail","hentry","category-atacama","category-mineria"],"_links":{"self":[{"href":"https:\/\/www.radioamigavallenar.cl\/index.php?rest_route=\/wp\/v2\/posts\/25199","targetHints":{"allow":["GET"]}}],"collection":[{"href":"https:\/\/www.radioamigavallenar.cl\/index.php?rest_route=\/wp\/v2\/posts"}],"about":[{"href":"https:\/\/www.radioamigavallenar.cl\/index.php?rest_route=\/wp\/v2\/types\/post"}],"author":[{"embeddable":true,"href":"https:\/\/www.radioamigavallenar.cl\/index.php?rest_route=\/wp\/v2\/users\/2"}],"replies":[{"embeddable":true,"href":"https:\/\/www.radioamigavallenar.cl\/index.php?rest_route=%2Fwp%2Fv2%2Fcomments&post=25199"}],"version-history":[{"count":0,"href":"https:\/\/www.radioamigavallenar.cl\/index.php?rest_route=\/wp\/v2\/posts\/25199\/revisions"}],"wp:featuredmedia":[{"embeddable":true,"href":"https:\/\/www.radioamigavallenar.cl\/index.php?rest_route=\/wp\/v2\/media\/25200"}],"wp:attachment":[{"href":"https:\/\/www.radioamigavallenar.cl\/index.php?rest_route=%2Fwp%2Fv2%2Fmedia&parent=25199"}],"wp:term":[{"taxonomy":"category","embeddable":true,"href":"https:\/\/www.radioamigavallenar.cl\/index.php?rest_route=%2Fwp%2Fv2%2Fcategories&post=25199"},{"taxonomy":"post_tag","embeddable":true,"href":"https:\/\/www.radioamigavallenar.cl\/index.php?rest_route=%2Fwp%2Fv2%2Ftags&post=25199"}],"curies":[{"name":"wp","href":"https:\/\/api.w.org\/{rel}","templated":true}]}}