{"id":25196,"date":"2020-06-11T12:45:47","date_gmt":"2020-06-11T16:45:47","guid":{"rendered":"https:\/\/www.radioamigavallenar.cl\/?p=25196"},"modified":"2020-06-11T12:45:48","modified_gmt":"2020-06-11T16:45:48","slug":"obras-minvu-de-viviendas-sociales-en-la-provincia-del-huasco-se-suman-al-compromiso-sanitario-de-la-construccion","status":"publish","type":"post","link":"https:\/\/www.radioamigavallenar.cl\/?p=25196","title":{"rendered":"Obras MINVU de viviendas sociales en la Provincia del Huasco se suman al compromiso sanitario de la construcci\u00f3n."},"content":{"rendered":"\n<div class=\"wp-block-image\"><figure class=\"aligncenter size-large\"><img loading=\"lazy\" decoding=\"async\" width=\"1024\" height=\"684\" src=\"https:\/\/www.radioamigavallenar.cl\/wp-content\/uploads\/2020\/06\/Obra-Vallenar_Compromiso-Sanitario-24-1024x684.jpg\" alt=\"\" class=\"wp-image-25197\" srcset=\"https:\/\/www.radioamigavallenar.cl\/wp-content\/uploads\/2020\/06\/Obra-Vallenar_Compromiso-Sanitario-24-1024x684.jpg 1024w, https:\/\/www.radioamigavallenar.cl\/wp-content\/uploads\/2020\/06\/Obra-Vallenar_Compromiso-Sanitario-24-300x200.jpg 300w, https:\/\/www.radioamigavallenar.cl\/wp-content\/uploads\/2020\/06\/Obra-Vallenar_Compromiso-Sanitario-24-768x513.jpg 768w, https:\/\/www.radioamigavallenar.cl\/wp-content\/uploads\/2020\/06\/Obra-Vallenar_Compromiso-Sanitario-24-1536x1026.jpg 1536w, https:\/\/www.radioamigavallenar.cl\/wp-content\/uploads\/2020\/06\/Obra-Vallenar_Compromiso-Sanitario-24-2048x1369.jpg 2048w\" sizes=\"auto, (max-width: 1024px) 100vw, 1024px\" \/><\/figure><\/div>\n\n\n\n<ul class=\"wp-block-list\"><li><strong>En Freirina, en una actividad en que participaron autoridades regionales y representantes de la CChC, la empresa se comprometi\u00f3 a implementar estrictas medidas de higiene para cuidar la salud de los trabajadores, lo que adem\u00e1s permite proteger fuentes laborales.<\/strong><\/li><li><strong>Por su parte, en una obra de viviendas sociales en Vallenar, tambi\u00e9n se sumaron a este Compromiso, instancia donde tambi\u00e9n se destac\u00f3 la importancia del autocuidado tanto en espacios laborales como en los hogares.<\/strong><\/li><\/ul>\n\n\n\n<p>En Freirina la empresa constructora Roberto San Mart\u00edn se sum\u00f3 al Compromiso Sanitario que impulsa la C\u00e1mara Chilena de la Construcci\u00f3n (CChC) en Atacama, en una obra de viviendas sociales que actualmente se desarrolla en la comuna de la Provincia del Huasco, siendo una iniciativa muy relevante para contribuir a disminuir el d\u00e9ficit habitacional que actualmente afecta a la regi\u00f3n (alrededor de 8 mil unidades).<\/p>\n\n\n\n<p>Este Protocolo Sanitario en Obra tiene como objetivo implementar estrictas medidas en faenas de construcci\u00f3n para cuidar la salud de los trabajadores y proteger las fuentes laborales con la continuidad de los proyectos, entre las que se encuentran acciones de higiene al inicio, durante y al t\u00e9rmino de las faenas, distanciamiento f\u00edsico, horarios flexibles y jornadas de trabajo por turnos para evitar aglomeraciones, as\u00ed como indicaciones para actuar en caso de sospecha de contagio, entre otras.<\/p>\n\n\n\n<p>Carlos Aguirre, presidente de la CChC Copiap\u00f3, manifest\u00f3 que \u201ces un desaf\u00edo para nosotros intentar cubrir todos los rincones de la regi\u00f3n de Atacama, por lo mismo hoy estamos en la Provincia del Huasco para impulsar este Compromiso Sanitario, pues creemos que es de suma importancia que todas las empresas socias del gremio se sumen\u201d.<\/p>\n\n\n\n<p>El dirigente adem\u00e1s destac\u00f3 que \u201ctodos debemos tomar conciencia de esta situaci\u00f3n, especialmente de la importancia del autocuidado que deben tener los trabajadores, tanto en los espacios laborales como en sus propios hogares\u201d.<\/p>\n\n\n\n<p>Por su parte, el Seremi del Ministerio de Vivienda y Urbanismo, Pedro R\u00edos, destac\u00f3 que \u201cparticipar en la firma de este protocolo es comprometernos como MINVU en la seguridad de los trabajadores y de sus familias, lo que se enmarca dentro de las preocupaciones y pol\u00edticas establecidas por el Presidente de la Rep\u00fablica. Mientras nos cuidemos y nos comprometamos a respetar las normas de autocuidado y los protocolos establecidos por el Ministerio de Salud, podremos tambi\u00e9n asegurar la continuidad de obras en esta emergencia sanitaria, aportando con fuentes laborales a familias de nuestra regi\u00f3n\u201d.<\/p>\n\n\n\n<p>La actividad se realiz\u00f3 en una obra que permite la expansi\u00f3n de un proyecto habitacional en la comuna de Freirina gracias a la ampliaci\u00f3n de la urbanizaci\u00f3n en el sector Maitencillo, donde se edificar\u00e1n viviendas con una superficie de 44 m<sup>2&nbsp;<\/sup>-pudiendo expandirse hasta los 55 m<sup>2<\/sup>-, con piso flotante, sistema de termo para calentar el agua, paneles fotovoltaicos y espacios comunes de calidad para la comunidad.<\/p>\n\n\n\n<p>Cabe destacar, que en la ocasi\u00f3n participaron la Gobernadora de la Provincia del Huasco, Nelly Galeb, el Alcalde de Freirina, C\u00e9sar Orellana, el Seremi del Ministerio de Vivienda y Urbanismo (Minvu), Pedro R\u00edos, el Director de Serviu Atacama, Rodrigo Maturana, el presidente de la CChC Copiap\u00f3, Carlos Aguirre, concejales de la comuna, representantes de la empresa y trabajadores.<\/p>\n\n\n\n<p class=\"has-text-align-center\"><strong>Viviendas sociales en Vallenar<\/strong><\/p>\n\n\n\n<p>Actualmente en la etapa de movimiento de tierra, en la ciudad de Vallenar se comienzan a construir las dos primeras etapas de los proyectos Olivar Oriente I y Olivar Oriente II, que incluyen viviendas sociales de dos pisos, con \u00e1reas verdes y equipamiento es una obra que podr\u00eda llegar a alcanzar las 500 viviendas, en las que hoy trabajan 40 personas, pero que en su peak llegar\u00eda a los 150 trabajadores.<\/p>\n\n\n\n<p>En este proyecto, el presidente de la CChC Copiap\u00f3, Carlos Aguirre, acompa\u00f1\u00f3 a integrantes de la empresa que actualmente trabajan en la zona a sumarse al Compromiso Sanitario de la Construcci\u00f3n.<\/p>\n\n\n\n<p>\u201cPara nosotros lo m\u00e1s importante es la salud de los trabajadores, por lo mismo toma una especial relevancia considerar todo lo que establece el Protocolo\u201d, coment\u00f3 Cristian Alzamora, director de la empresa Constructora Alzamora. En este sentido, el profesional destac\u00f3 que esta iniciativa se \u201chace importante para mantener operativas las obras, sobre todo por el tema laboral, la zona ha estado bien afectada por el desempleo y la \u00fanica manera de poder seguir haciendo funcionar la empresa es cuid\u00e1ndonos\u201d.<\/p>\n","protected":false},"excerpt":{"rendered":"<p>En Freirina, en una actividad en que participaron autoridades regionales y representantes de la CChC, la empresa se comprometi\u00f3 a implementar estrictas medidas de higiene&hellip; <\/p>\n","protected":false},"author":2,"featured_media":25197,"comment_status":"open","ping_status":"closed","sticky":false,"template":"","format":"standard","meta":{"footnotes":""},"categories":[3,4,1,2],"tags":[],"class_list":["post-25196","post","type-post","status-publish","format-standard","has-post-thumbnail","hentry","category-freirina","category-huasco","category-provincia-del-huasco-2","category-vallenar"],"_links":{"self":[{"href":"https:\/\/www.radioamigavallenar.cl\/index.php?rest_route=\/wp\/v2\/posts\/25196","targetHints":{"allow":["GET"]}}],"collection":[{"href":"https:\/\/www.radioamigavallenar.cl\/index.php?rest_route=\/wp\/v2\/posts"}],"about":[{"href":"https:\/\/www.radioamigavallenar.cl\/index.php?rest_route=\/wp\/v2\/types\/post"}],"author":[{"embeddable":true,"href":"https:\/\/www.radioamigavallenar.cl\/index.php?rest_route=\/wp\/v2\/users\/2"}],"replies":[{"embeddable":true,"href":"https:\/\/www.radioamigavallenar.cl\/index.php?rest_route=%2Fwp%2Fv2%2Fcomments&post=25196"}],"version-history":[{"count":0,"href":"https:\/\/www.radioamigavallenar.cl\/index.php?rest_route=\/wp\/v2\/posts\/25196\/revisions"}],"wp:featuredmedia":[{"embeddable":true,"href":"https:\/\/www.radioamigavallenar.cl\/index.php?rest_route=\/wp\/v2\/media\/25197"}],"wp:attachment":[{"href":"https:\/\/www.radioamigavallenar.cl\/index.php?rest_route=%2Fwp%2Fv2%2Fmedia&parent=25196"}],"wp:term":[{"taxonomy":"category","embeddable":true,"href":"https:\/\/www.radioamigavallenar.cl\/index.php?rest_route=%2Fwp%2Fv2%2Fcategories&post=25196"},{"taxonomy":"post_tag","embeddable":true,"href":"https:\/\/www.radioamigavallenar.cl\/index.php?rest_route=%2Fwp%2Fv2%2Ftags&post=25196"}],"curies":[{"name":"wp","href":"https:\/\/api.w.org\/{rel}","templated":true}]}}