{"id":25193,"date":"2020-06-11T12:40:43","date_gmt":"2020-06-11T16:40:43","guid":{"rendered":"https:\/\/www.radioamigavallenar.cl\/?p=25193"},"modified":"2020-06-11T12:40:45","modified_gmt":"2020-06-11T16:40:45","slug":"corfo-adjudico-produccion-de-litio-para-desarrollo-de-nano-particulas","status":"publish","type":"post","link":"https:\/\/www.radioamigavallenar.cl\/?p=25193","title":{"rendered":"Corfo adjudic\u00f3 producci\u00f3n de litio para desarrollo de nano part\u00edculas"},"content":{"rendered":"\n<div class=\"wp-block-image\"><figure class=\"aligncenter size-large\"><img loading=\"lazy\" decoding=\"async\" width=\"640\" height=\"427\" src=\"https:\/\/www.radioamigavallenar.cl\/wp-content\/uploads\/2020\/06\/Salar-de-Atacama-de-SQM.jpg\" alt=\"\" class=\"wp-image-25194\" srcset=\"https:\/\/www.radioamigavallenar.cl\/wp-content\/uploads\/2020\/06\/Salar-de-Atacama-de-SQM.jpg 640w, https:\/\/www.radioamigavallenar.cl\/wp-content\/uploads\/2020\/06\/Salar-de-Atacama-de-SQM-300x200.jpg 300w\" sizes=\"auto, (max-width: 640px) 100vw, 640px\" \/><\/figure><\/div>\n\n\n\n<p>Gerente general de Nanotec Chile, Patricio Jarpa, afirm\u00f3 que es un hito para la miner\u00eda chilena la fabricaci\u00f3n de componentes para bater\u00edas.<\/p>\n\n\n\n<p>La iniciativa fue impulsada en el marco del contrato suscrito por Corfo y SQM en el Salar de Atacama, lo que obliga a SQM a vender hasta un 25% de su producci\u00f3n a un precio preferente a la empresa que gane la licitaci\u00f3n, en este caso Nanotec.<\/p>\n\n\n\n<p>Nanotec producir\u00e1 nanopart\u00edculas de litio y aditivos para fabricar bater\u00edas de litio.<\/p>\n\n\n\n<p>Lo anterior dar\u00e1 inicio al desarrollo de bater\u00edas m\u00e1s livianas, flexibles, de carga m\u00e1s eficiente y mayor rendimiento. Estos elementos se podr\u00e1n implementar en tel\u00e9fonos celulares, sensores, dispositivos m\u00e9dicos, entre otos producto afines.<\/p>\n","protected":false},"excerpt":{"rendered":"<p>Gerente general de Nanotec Chile, Patricio Jarpa, afirm\u00f3 que es un hito para la miner\u00eda chilena la fabricaci\u00f3n de componentes para bater\u00edas. La iniciativa fue&hellip; <\/p>\n","protected":false},"author":2,"featured_media":25194,"comment_status":"open","ping_status":"closed","sticky":false,"template":"","format":"standard","meta":{"footnotes":""},"categories":[7,34,37],"tags":[],"class_list":["post-25193","post","type-post","status-publish","format-standard","has-post-thumbnail","hentry","category-atacama","category-mineria","category-nacional"],"_links":{"self":[{"href":"https:\/\/www.radioamigavallenar.cl\/index.php?rest_route=\/wp\/v2\/posts\/25193","targetHints":{"allow":["GET"]}}],"collection":[{"href":"https:\/\/www.radioamigavallenar.cl\/index.php?rest_route=\/wp\/v2\/posts"}],"about":[{"href":"https:\/\/www.radioamigavallenar.cl\/index.php?rest_route=\/wp\/v2\/types\/post"}],"author":[{"embeddable":true,"href":"https:\/\/www.radioamigavallenar.cl\/index.php?rest_route=\/wp\/v2\/users\/2"}],"replies":[{"embeddable":true,"href":"https:\/\/www.radioamigavallenar.cl\/index.php?rest_route=%2Fwp%2Fv2%2Fcomments&post=25193"}],"version-history":[{"count":0,"href":"https:\/\/www.radioamigavallenar.cl\/index.php?rest_route=\/wp\/v2\/posts\/25193\/revisions"}],"wp:featuredmedia":[{"embeddable":true,"href":"https:\/\/www.radioamigavallenar.cl\/index.php?rest_route=\/wp\/v2\/media\/25194"}],"wp:attachment":[{"href":"https:\/\/www.radioamigavallenar.cl\/index.php?rest_route=%2Fwp%2Fv2%2Fmedia&parent=25193"}],"wp:term":[{"taxonomy":"category","embeddable":true,"href":"https:\/\/www.radioamigavallenar.cl\/index.php?rest_route=%2Fwp%2Fv2%2Fcategories&post=25193"},{"taxonomy":"post_tag","embeddable":true,"href":"https:\/\/www.radioamigavallenar.cl\/index.php?rest_route=%2Fwp%2Fv2%2Ftags&post=25193"}],"curies":[{"name":"wp","href":"https:\/\/api.w.org\/{rel}","templated":true}]}}