{"id":25190,"date":"2020-06-11T12:37:34","date_gmt":"2020-06-11T16:37:34","guid":{"rendered":"https:\/\/www.radioamigavallenar.cl\/?p=25190"},"modified":"2020-06-11T12:37:35","modified_gmt":"2020-06-11T16:37:35","slug":"intendente-urquieta-se-reune-junto-a-los-gremios-de-la-salud","status":"publish","type":"post","link":"https:\/\/www.radioamigavallenar.cl\/?p=25190","title":{"rendered":"Intendente Urquieta se re\u00fane junto a los gremios de la salud"},"content":{"rendered":"\n<div class=\"wp-block-image\"><figure class=\"aligncenter size-large\"><img loading=\"lazy\" decoding=\"async\" width=\"800\" height=\"561\" src=\"https:\/\/www.radioamigavallenar.cl\/wp-content\/uploads\/2020\/06\/Gremios-de-la-salud-1-800x561-1.png\" alt=\"\" class=\"wp-image-25191\" srcset=\"https:\/\/www.radioamigavallenar.cl\/wp-content\/uploads\/2020\/06\/Gremios-de-la-salud-1-800x561-1.png 800w, https:\/\/www.radioamigavallenar.cl\/wp-content\/uploads\/2020\/06\/Gremios-de-la-salud-1-800x561-1-300x210.png 300w, https:\/\/www.radioamigavallenar.cl\/wp-content\/uploads\/2020\/06\/Gremios-de-la-salud-1-800x561-1-768x539.png 768w\" sizes=\"auto, (max-width: 800px) 100vw, 800px\" \/><\/figure><\/div>\n\n\n\n<p>El Intendente de la Regi\u00f3n de Atacama, Patricio Urquieta, se reuni\u00f3 nuevamente junto a los gremios de la salud para seguir avanzando en el trabajo que se est\u00e1 llevando adelante para enfrentar la pandemia.<\/p>\n\n\n\n<p>Tras la reuni\u00f3n, Urquieta manifest\u00f3 que \u201csostuvimos una reuni\u00f3n muy importante con los gremios de la salud, precisamente para afinar los detalles del trabajo que ya ven\u00edamos realizando hace un par de meses y poder seguir en esta labor de concientizar a la comunidad en la necesidad de implementar adecuadamente los protocolos de prevenci\u00f3n, tanto en sus hogares, en sus espacios laborales, y tambi\u00e9n en los espacios p\u00fablicos. Es indispensable contar con el compromiso y la colaboraci\u00f3n de todos, y yo quiero agradecer ese compromiso y esa colaboraci\u00f3n que est\u00e1n dispuestos a prestar para que la estrategia del Gobierno del Presidente Pi\u00f1era se pueda implementar adecuadamente en la regi\u00f3n\u201d.<\/p>\n\n\n\n<p>Esta reuni\u00f3n forma parte de las instancias que se han creado en la regi\u00f3n para escuchar a quienes pueden aportar a la estrategia que est\u00e1 llevando adelante el Ministerio de salud, como lo son la comunidad cient\u00edfica, los alcaldes, el colegio de m\u00e9dicos, representantes de la coordinadora de la salud, y dirigentes de otras entidades p\u00fablicas.<\/p>\n\n\n\n<p>El Presidente de la Fenpruss, Ernesto Astudillo, dijo que \u201cla reuni\u00f3n ha sido positivamente evaluada por todos los dirigentes, y por lo tanto estamos muy satisfechos del espacio entregado por la primera autoridad regional. Fue una conversaci\u00f3n franca y, por lo tanto, estamos atentos a seguir trabajando para que la pandemia en la Regi\u00f3n de Atacama tenga un desenlace con los menos costos posibles\u201d.<\/p>\n\n\n\n<p>Claudio Baeza, Director del Servicio de Salud, dijo que \u201cuna muy importante reuni\u00f3n sostuvimos el d\u00eda de hoy, encabezados por nuestro Intendente Patricio Urquieta, con los gremios de la salud agrupados en la Coordinadora de Salud de la Regi\u00f3n de Atacama donde nos permiti\u00f3 hacer un an\u00e1lisis de c\u00f3mo estamos enfrentando la pandemia en materia de salud, en materia social, en materia econ\u00f3mica, y sin duda lo m\u00e1s importante y relevante es seguir reforzando el trabajo que se hace desde la Red Hospitalaria, pero tambi\u00e9n desde los Centros de Salud familiar, los equipos de atenci\u00f3n primaria que ya llevan m\u00e1s de dos meses trabajando en la prevenci\u00f3n, en la promoci\u00f3n de la salud y hoy d\u00eda haci\u00e9ndose cargo de la trazabilidad de los casos que se van presentando a nivel comunal\u201d.<\/p>\n\n\n\n<p>En ese mismo sentido, el Director agreg\u00f3 tambi\u00e9n \u201cseguir reforzando, y eso es una materia que compartimos con la coordinadora de salud, un programa de salud mental para la Regi\u00f3n de Atacama que aborde no solamente a los funcionarios, sino tambi\u00e9n a la gente en nuestra regi\u00f3n, y un tercer punto muy importante es el tema social, de seguir ampliando las capacidades de las residencias, por ejemplo, seguir trabajando en ayudas sociales y no perder el foco de la prevenci\u00f3n y la promoci\u00f3n con la comunidad\u201d.<\/p>\n","protected":false},"excerpt":{"rendered":"<p>El Intendente de la Regi\u00f3n de Atacama, Patricio Urquieta, se reuni\u00f3 nuevamente junto a los gremios de la salud para seguir avanzando en el trabajo&hellip; <\/p>\n","protected":false},"author":2,"featured_media":25191,"comment_status":"open","ping_status":"closed","sticky":false,"template":"","format":"standard","meta":{"footnotes":""},"categories":[7],"tags":[],"class_list":["post-25190","post","type-post","status-publish","format-standard","has-post-thumbnail","hentry","category-atacama"],"_links":{"self":[{"href":"https:\/\/www.radioamigavallenar.cl\/index.php?rest_route=\/wp\/v2\/posts\/25190","targetHints":{"allow":["GET"]}}],"collection":[{"href":"https:\/\/www.radioamigavallenar.cl\/index.php?rest_route=\/wp\/v2\/posts"}],"about":[{"href":"https:\/\/www.radioamigavallenar.cl\/index.php?rest_route=\/wp\/v2\/types\/post"}],"author":[{"embeddable":true,"href":"https:\/\/www.radioamigavallenar.cl\/index.php?rest_route=\/wp\/v2\/users\/2"}],"replies":[{"embeddable":true,"href":"https:\/\/www.radioamigavallenar.cl\/index.php?rest_route=%2Fwp%2Fv2%2Fcomments&post=25190"}],"version-history":[{"count":0,"href":"https:\/\/www.radioamigavallenar.cl\/index.php?rest_route=\/wp\/v2\/posts\/25190\/revisions"}],"wp:featuredmedia":[{"embeddable":true,"href":"https:\/\/www.radioamigavallenar.cl\/index.php?rest_route=\/wp\/v2\/media\/25191"}],"wp:attachment":[{"href":"https:\/\/www.radioamigavallenar.cl\/index.php?rest_route=%2Fwp%2Fv2%2Fmedia&parent=25190"}],"wp:term":[{"taxonomy":"category","embeddable":true,"href":"https:\/\/www.radioamigavallenar.cl\/index.php?rest_route=%2Fwp%2Fv2%2Fcategories&post=25190"},{"taxonomy":"post_tag","embeddable":true,"href":"https:\/\/www.radioamigavallenar.cl\/index.php?rest_route=%2Fwp%2Fv2%2Ftags&post=25190"}],"curies":[{"name":"wp","href":"https:\/\/api.w.org\/{rel}","templated":true}]}}