{"id":25187,"date":"2020-06-11T12:30:52","date_gmt":"2020-06-11T16:30:52","guid":{"rendered":"https:\/\/www.radioamigavallenar.cl\/?p=25187"},"modified":"2020-06-11T12:30:54","modified_gmt":"2020-06-11T16:30:54","slug":"primer-pago-del-ingreso-familiar-de-emergencia-es-transferido-a-23-mil-hogares-de-atacama","status":"publish","type":"post","link":"https:\/\/www.radioamigavallenar.cl\/?p=25187","title":{"rendered":"Primer pago del Ingreso Familiar de Emergencia es transferido a 23 mil hogares de Atacama"},"content":{"rendered":"\n<div class=\"wp-block-image\"><figure class=\"aligncenter size-large\"><img loading=\"lazy\" decoding=\"async\" width=\"890\" height=\"533\" src=\"https:\/\/www.radioamigavallenar.cl\/wp-content\/uploads\/2020\/06\/5ec538bec5e10_890x533.jpg\" alt=\"\" class=\"wp-image-25188\" srcset=\"https:\/\/www.radioamigavallenar.cl\/wp-content\/uploads\/2020\/06\/5ec538bec5e10_890x533.jpg 890w, https:\/\/www.radioamigavallenar.cl\/wp-content\/uploads\/2020\/06\/5ec538bec5e10_890x533-300x180.jpg 300w, https:\/\/www.radioamigavallenar.cl\/wp-content\/uploads\/2020\/06\/5ec538bec5e10_890x533-768x460.jpg 768w\" sizes=\"auto, (max-width: 890px) 100vw, 890px\" \/><\/figure><\/div>\n\n\n\n<p><strong>Esta cifra corresponde a cuyas familias que postularon al beneficio a trav\u00e9s de www.ingresodemergencia.cl hasta el pasado 30 de mayo.<\/strong><\/p>\n\n\n\n<p>A partir de ayer 10 de junio, m\u00e1s de 1 mill\u00f3n de hogares a nivel nacional, equivalentes a 3,3 millones de personas, comenzaron a recibir el primero de los pagos del Ingreso Familiar de Emergencia (IFE).<\/p>\n\n\n\n<p>En este sentido, el Intendente de Atacama, Patricio Urquieta, junto al seremi de Desarrollo Social y Familia, Luis Morales Vergara, anunciaron que cerca de 23 mil familias (64.025 personas) de la regi\u00f3n, ya se les ha transferido este beneficio a trav\u00e9s de la Caja de Compensaci\u00f3n Los H\u00e9roes y Cuenta Rut. Asimismo, los beneficiarios que deban retirar este bono de manera presencial lo podr\u00e1n hacer desde el 12 de junio en las sucursales Banco Estado o ServiEstado.<\/p>\n\n\n\n<p>\u201cEstamos muy contentos en la Regi\u00f3n de Atacama porque comenzamos el pago a m\u00e1s de 23 mil familias que postularon al Ingreso de Emergencia que es una colaboraci\u00f3n que integra la Red de Protecci\u00f3n Social construida por el Gobierno para apoyar a las familias que m\u00e1s lo necesitan en esta \u00e9poca. Partimos por el Bono Covid, seguimos con la Ley de Protecci\u00f3n del Empleo, el Ingreso Familiar de Emergencia que se hab\u00eda pagado antes a 9mil familias m\u00e1s vulnerables, pero hoy d\u00eda corresponde el pago de las personas que postularon a este Ingreso de Emergencia formando parte del 40% al 80% de vulnerabilidad entre el 20 y el 30 de mayo como la primera cuota que les corresponde de un total de tres. Para nosotros lo m\u00e1s importante es que ya hay m\u00e1s de 30 mil familias que han recibido este beneficio que se extiende por 90 d\u00edas precisamente para apoyarlos con una transferencia directa para que puedan enfrentar sus gastos durante esta \u00e9poca tan dif\u00edcil de pandemia\u201d, se\u00f1al\u00f3 la m\u00e1xima autoridad regional.<\/p>\n\n\n\n<p>Al respecto, el seremi Morales reforz\u00f3 el compromiso del gobierno del Presidente Pi\u00f1era, en esta emergencia sanitaria. \u201cEsto es una transferencia monetaria que durar\u00e1 tres meses y que es un aporte del gobierno para ayudar a superar esta pandemia. En este contexto, queremos hacer un llamado a redoblar los esfuerzos en la actualizaci\u00f3n del Registro Social de Hogares en todas las familias que est\u00e1n pasando momentos dif\u00edciles en Atacama.<\/p>\n\n\n\n<p>Nuestro compromiso es avanzar en esta materia de infraestructura social, que permita qu\u00e9 en el periodo m\u00e1s complejo de la pandemia, tengamos un soporte social base, que est\u00e1 asociado a una red de apoyo que considera el pago ya ejecutado del Bono Covid, el Ingreso M\u00ednimo Garantizado y, tambi\u00e9n la continuidad del IFE\u201d, concluy\u00f3 el encargado de la cartera de Desarrollo Social y Familia en Atacama.<\/p>\n\n\n\n<p>La Sra. Viviana San Francisco, copiapina, madre de 6 hijos y beneficiaria del IFE, se mostr\u00f3 agradecida por este ingreso directo. \u201cQuiero agradecer haber sido aceptada en este beneficio, ya que es un aporte muy importante as\u00ed m\u00ed y mis 6 hijos\u201d.<\/p>\n\n\n\n<p>El segundo aporte se recibir\u00e1 a partir del 23 de junio para los beneficiarios autom\u00e1ticos. Para quienes no est\u00e1n dentro de quienes lo reciben de manera autom\u00e1tica y a\u00fan no han solicitado el beneficio (basta con haberlo hecho una vez, por ende, no es necesario volver a realizarlo si ya lo hizo), deben hacerlo antes del 29 de junio. Quienes resulten beneficiarios dentro de los solicitantes recibir\u00e1n el segundo pago a partir del 10 de julio.<\/p>\n\n\n\n<p>Asimismo, el seremi Morales reiter\u00f3 el llamado a solicitar este beneficio en www.ingresodeemergencia.cl, agregando que para aquellos hogares que no registren ingresos formales y que no hayan recibido el beneficio existe un canal expedito de apelaci\u00f3n para revisar su situaci\u00f3n socioecon\u00f3mica.<\/p>\n","protected":false},"excerpt":{"rendered":"<p>Esta cifra corresponde a cuyas familias que postularon al beneficio a trav\u00e9s de www.ingresodemergencia.cl hasta el pasado 30 de mayo. A partir de ayer 10&hellip; <\/p>\n","protected":false},"author":2,"featured_media":25188,"comment_status":"open","ping_status":"closed","sticky":false,"template":"","format":"standard","meta":{"footnotes":""},"categories":[7,1],"tags":[],"class_list":["post-25187","post","type-post","status-publish","format-standard","has-post-thumbnail","hentry","category-atacama","category-provincia-del-huasco-2"],"_links":{"self":[{"href":"https:\/\/www.radioamigavallenar.cl\/index.php?rest_route=\/wp\/v2\/posts\/25187","targetHints":{"allow":["GET"]}}],"collection":[{"href":"https:\/\/www.radioamigavallenar.cl\/index.php?rest_route=\/wp\/v2\/posts"}],"about":[{"href":"https:\/\/www.radioamigavallenar.cl\/index.php?rest_route=\/wp\/v2\/types\/post"}],"author":[{"embeddable":true,"href":"https:\/\/www.radioamigavallenar.cl\/index.php?rest_route=\/wp\/v2\/users\/2"}],"replies":[{"embeddable":true,"href":"https:\/\/www.radioamigavallenar.cl\/index.php?rest_route=%2Fwp%2Fv2%2Fcomments&post=25187"}],"version-history":[{"count":0,"href":"https:\/\/www.radioamigavallenar.cl\/index.php?rest_route=\/wp\/v2\/posts\/25187\/revisions"}],"wp:featuredmedia":[{"embeddable":true,"href":"https:\/\/www.radioamigavallenar.cl\/index.php?rest_route=\/wp\/v2\/media\/25188"}],"wp:attachment":[{"href":"https:\/\/www.radioamigavallenar.cl\/index.php?rest_route=%2Fwp%2Fv2%2Fmedia&parent=25187"}],"wp:term":[{"taxonomy":"category","embeddable":true,"href":"https:\/\/www.radioamigavallenar.cl\/index.php?rest_route=%2Fwp%2Fv2%2Fcategories&post=25187"},{"taxonomy":"post_tag","embeddable":true,"href":"https:\/\/www.radioamigavallenar.cl\/index.php?rest_route=%2Fwp%2Fv2%2Ftags&post=25187"}],"curies":[{"name":"wp","href":"https:\/\/api.w.org\/{rel}","templated":true}]}}