{"id":25183,"date":"2020-06-11T07:55:08","date_gmt":"2020-06-11T11:55:08","guid":{"rendered":"https:\/\/www.radioamigavallenar.cl\/?p=25183"},"modified":"2020-06-11T07:55:09","modified_gmt":"2020-06-11T11:55:09","slug":"sofia-cid-tenemos-que-avanzar-en-un-acuerdo-para-lograr-transferencias-directas-de-recursos-a-personas-y-pymes-para-enfrentar-la-pandemia","status":"publish","type":"post","link":"https:\/\/www.radioamigavallenar.cl\/?p=25183","title":{"rendered":"Sof\u00eda Cid \u201cTenemos que avanzar en un acuerdo para lograr transferencias directas de recursos a personas y pymes para enfrentar la pandemia\u00bb"},"content":{"rendered":"\n<div class=\"wp-block-image\"><figure class=\"aligncenter size-large\"><img loading=\"lazy\" decoding=\"async\" width=\"1024\" height=\"682\" src=\"https:\/\/www.radioamigavallenar.cl\/wp-content\/uploads\/2020\/06\/SOFIA-CID-1-1024x682.jpg\" alt=\"\" class=\"wp-image-25184\" srcset=\"https:\/\/www.radioamigavallenar.cl\/wp-content\/uploads\/2020\/06\/SOFIA-CID-1-1024x682.jpg 1024w, https:\/\/www.radioamigavallenar.cl\/wp-content\/uploads\/2020\/06\/SOFIA-CID-1-300x200.jpg 300w, https:\/\/www.radioamigavallenar.cl\/wp-content\/uploads\/2020\/06\/SOFIA-CID-1-768x512.jpg 768w, https:\/\/www.radioamigavallenar.cl\/wp-content\/uploads\/2020\/06\/SOFIA-CID-1.jpg 1280w\" sizes=\"auto, (max-width: 1024px) 100vw, 1024px\" \/><\/figure><\/div>\n\n\n\n<p>La diputada de Renovaci\u00f3n Nacional e integrante de la comisi\u00f3n de Hacienda. Sof\u00eda Cid, abord\u00f3 la propuesta inicial del Gobierno de destinar US$10 mil millones para el Plan de Emergencia.<\/p>\n\n\n\n<p>En ese sentido, la legisladora&nbsp; sostuvo que a su juicio es importante que el Gobierno haga una propuesta de corto y mediano plazo. \u201cMe parece que lo fundamental es tener un plan de c\u00f3mo hacer frente a la crisis. En esa l\u00ednea creo que los 10 mil millones cumplen una finalidad, en un plan que debe abarcar la urgencia ahora y la crisis post pandemia\u201d.<\/p>\n\n\n\n<p>Asimismo, la parlamentaria RN por la Regi\u00f3n de Atacama, record\u00f3 que \u201cel impacto econ\u00f3mico del COVID-19 es algo que no hab\u00edamos vistos las generaciones m\u00e1s j\u00f3venes. Esto hace que todas las medidas que se adopten deben ser flexibles en el buen sentido de la palabra\u201d. Asimismo, para Cid Versalovic \u201cuna buena opci\u00f3n para lograr el efecto deseado es la transferencia monetaria directa a los&nbsp; beneficiados, para que puedan disponer libremente de estos recursos\u201d.<\/p>\n\n\n\n<p>En este sentido la legisladora record\u00f3 que son \u201crecursos relevantes y lo m\u00e1s importante, est\u00e1n vinculados a una estrategia, a un compromiso y espero que la oposici\u00f3n se pueda sumar a esta iniciativa, ya que la evaluaci\u00f3n de la crisis derivada de la pandemia es distinta a la que hab\u00eda hace dos meses atr\u00e1s y en consecuencia va a implicar asignar m\u00e1s recursos. Es importante que la oposici\u00f3n se sume de buena fe para lograr un acuerdo proyectable en el tiempo por el bien de todos los chilenos\u201d.<\/p>\n\n\n\n<p>En relaci\u00f3n a c\u00f3mo aumentar el monto de los recursos destinados a hacer frente a este tema Sof\u00eda Cid se\u00f1al\u00f3 que \u201cpara poder subir el monto o la cobertura de IFE, o ambos, es necesario tambi\u00e9n tomar medidas dr\u00e1sticas de reajuste presupuestario y de reorientar el presupuesto mayoritariamente a gasto social para este tipo de medidas\u201d.<\/p>\n\n\n\n<p>Sof\u00eda Cid finaliz\u00f3 remarcando que \u201cse trata de un acuerdo macro, el cual tambi\u00e9n va de la mano con la flexibilidad y posibles cambios. Aqu\u00ed lo importante son las transferencias directas a las personas para garantizar el ingreso de cada una de ellas y tambi\u00e9n el apoyo a las mipymes y a los emprendedores a trav\u00e9s de transferencia directas, as\u00ed como l\u00edneas de cr\u00e9dito de f\u00e1cil acceso para las pymes prolongada en el tiempo. En el caso de emprendedores, mipymes y pymes adem\u00e1s tenemos que aliviar la carga regulatoria y eventualmente la carga tributaria\u201d.<\/p>\n","protected":false},"excerpt":{"rendered":"<p>La diputada de Renovaci\u00f3n Nacional e integrante de la comisi\u00f3n de Hacienda. Sof\u00eda Cid, abord\u00f3 la propuesta inicial del Gobierno de destinar US$10 mil millones&hellip; <\/p>\n","protected":false},"author":2,"featured_media":25184,"comment_status":"open","ping_status":"closed","sticky":false,"template":"","format":"standard","meta":{"footnotes":""},"categories":[7,37],"tags":[],"class_list":["post-25183","post","type-post","status-publish","format-standard","has-post-thumbnail","hentry","category-atacama","category-nacional"],"_links":{"self":[{"href":"https:\/\/www.radioamigavallenar.cl\/index.php?rest_route=\/wp\/v2\/posts\/25183","targetHints":{"allow":["GET"]}}],"collection":[{"href":"https:\/\/www.radioamigavallenar.cl\/index.php?rest_route=\/wp\/v2\/posts"}],"about":[{"href":"https:\/\/www.radioamigavallenar.cl\/index.php?rest_route=\/wp\/v2\/types\/post"}],"author":[{"embeddable":true,"href":"https:\/\/www.radioamigavallenar.cl\/index.php?rest_route=\/wp\/v2\/users\/2"}],"replies":[{"embeddable":true,"href":"https:\/\/www.radioamigavallenar.cl\/index.php?rest_route=%2Fwp%2Fv2%2Fcomments&post=25183"}],"version-history":[{"count":0,"href":"https:\/\/www.radioamigavallenar.cl\/index.php?rest_route=\/wp\/v2\/posts\/25183\/revisions"}],"wp:featuredmedia":[{"embeddable":true,"href":"https:\/\/www.radioamigavallenar.cl\/index.php?rest_route=\/wp\/v2\/media\/25184"}],"wp:attachment":[{"href":"https:\/\/www.radioamigavallenar.cl\/index.php?rest_route=%2Fwp%2Fv2%2Fmedia&parent=25183"}],"wp:term":[{"taxonomy":"category","embeddable":true,"href":"https:\/\/www.radioamigavallenar.cl\/index.php?rest_route=%2Fwp%2Fv2%2Fcategories&post=25183"},{"taxonomy":"post_tag","embeddable":true,"href":"https:\/\/www.radioamigavallenar.cl\/index.php?rest_route=%2Fwp%2Fv2%2Ftags&post=25183"}],"curies":[{"name":"wp","href":"https:\/\/api.w.org\/{rel}","templated":true}]}}