{"id":2518,"date":"2016-10-04T13:04:34","date_gmt":"2016-10-04T16:04:34","guid":{"rendered":"http:\/\/www.radioamigavallenar.cl\/?p=2518"},"modified":"2016-10-04T13:04:34","modified_gmt":"2016-10-04T16:04:34","slug":"en-la-region-debemos-transformar-la-campana-de-la-teleton-en-el-gran-abrazo-de-atacama","status":"publish","type":"post","link":"https:\/\/www.radioamigavallenar.cl\/?p=2518","title":{"rendered":"\u201cEn la regi\u00f3n debemos transformar la campa\u00f1a de la Telet\u00f3n en el gran abrazo de Atacama\u201d"},"content":{"rendered":"<ul>\n<li style=\"text-align: justify;\"><strong><em>Este a\u00f1o la meta regional es de $321.290.718 y la nacional es de $30.601.978.621. Durante el a\u00f1o 2015 la Telet\u00f3n atendi\u00f3 a m\u00e1s de 26 mil pacientes y se realizaron m\u00e1s de 700 mil atenciones en el pa\u00eds. <\/em><\/strong><\/li>\n<\/ul>\n<p style=\"text-align: justify;\"><strong>\u00a0<\/strong><a href=\"http:\/\/www.radioamigavallenar.cl\/wp-content\/uploads\/2016\/10\/Teleton-Atacama-2016.jpg\"><img loading=\"lazy\" decoding=\"async\" class=\" size-medium wp-image-2519 aligncenter\" src=\"http:\/\/www.radioamigavallenar.cl\/wp-content\/uploads\/2016\/10\/Teleton-Atacama-2016-300x198.jpg\" alt=\"teleton-atacama-2016\" width=\"300\" height=\"198\" srcset=\"https:\/\/www.radioamigavallenar.cl\/wp-content\/uploads\/2016\/10\/Teleton-Atacama-2016-300x198.jpg 300w, https:\/\/www.radioamigavallenar.cl\/wp-content\/uploads\/2016\/10\/Teleton-Atacama-2016.jpg 700w\" sizes=\"auto, (max-width: 300px) 100vw, 300px\" \/><\/a><\/p>\n<p style=\"text-align: justify;\">En el marco del lanzamiento regional de la campa\u00f1a de la Telet\u00f3n 2016, con el lema \u201cEl Abrazo de Chile\u201d, el Intendente de Atacama, Miguel Vargas, hizo un llamado a todas y todos los atacame\u00f1os para apoyar una vez m\u00e1s esta obra, precisando que \u201ceste desaf\u00edo nos pertenece a todos y ac\u00e1 en la regi\u00f3n debemos transformar la campa\u00f1a en el gran abrazo de Atacama\u201d.<\/p>\n<p style=\"text-align: justify;\">\u201cNuestro pa\u00eds tiene el desaf\u00edo de avanzar en inclusividad, con igualdad de oportunidad para todos y todas, por lo tanto, es importante colaborar con la telet\u00f3n. Cada ni\u00f1o que se rehabilita es un signo de felicidad y eso es lo que necesita Chile, trabajar con sentido de unidad, concretar abrazos, rehabilitarse y avanzar en mayor igualdad\u201d.<\/p>\n<p style=\"text-align: justify;\">Este a\u00f1o se cumplen 38 a\u00f1os de la Telet\u00f3n y en esta jornada comienza la campa\u00f1a\u00a0 n\u00famero 28 de su historia. A la fecha ya se han construido 14 institutos y atendido a m\u00e1s de 90 mil ni\u00f1os en todo el pa\u00eds.<\/p>\n<p style=\"text-align: justify;\">El Intendente de Atacama tambi\u00e9n expres\u00f3 que \u201ccomo Gobierno queremos hacer un llamado a colaborar y a sumarse entusiastamente con la telet\u00f3n el pr\u00f3ximo 2 y 3 de diciembre. Aqu\u00ed en Atacama son m\u00e1s de 300 millones de pesos y a nivel nacional m\u00e1s de $30 mil millones los que se deben recaudar. Estos recursos son bien invertidos ya que hoy logramos constatar, seg\u00fan la presentaci\u00f3n de los profesionales del instituto de Copiap\u00f3, el detalle de los gastos realizados. A la fecha, ya son 14 los centros que existen en Chile y son muchos los voluntarios. A \u00e9stos \u00faltimos, a los profesionales, los directores y a las familias que acompa\u00f1an a sus seres queridos en los distintos programas de rehabilitaci\u00f3n, quisiera hacer un reconocimiento por su noble labor en esta tarea\u201d.<\/p>\n<p style=\"text-align: justify;\">El 34% de los pacientes de la Telet\u00f3n tiene par\u00e1lisis cerebral y m\u00e1s de 17 millones de personas en el mundo viven con esta condici\u00f3n. Las atenciones m\u00e9dicas y terap\u00e9uticas de la Telet\u00f3n consideran un equipo multidisciplinario de profesionales y en promedio, son 18 los que intervienen en la rehabilitaci\u00f3n de un paciente. M\u00e1s de un mill\u00f3n de pesos es el costo de un paciente al a\u00f1o. Cada a\u00f1o se suman cerca de 3 mil nuevos pacientes en los institutos de Telet\u00f3n.<\/p>\n<p style=\"text-align: justify;\">El Gobierno est\u00e1 comprometido con la Telet\u00f3n, de hecho hace muy poco, y con la presencia del propio Ministro de Energ\u00eda, M\u00e1ximo Pacheco, se inauguraron los nuevos techos solares que fueron instalados en el Centro de Rehabilitaci\u00f3n de la regi\u00f3n. La incorporaci\u00f3n busca mejorar la calidad de vida y permite optimizar los recursos energ\u00e9ticos de la fundaci\u00f3n. Adem\u00e1s, el Centro Telet\u00f3n de Copiap\u00f3 fue construido con recursos p\u00fablicos, as\u00ed como el equipamiento, que fue adquirido mediante un convenio entre la Fundaci\u00f3n Telet\u00f3n y el Gobierno Regional.<\/p>\n","protected":false},"excerpt":{"rendered":"<p>Este a\u00f1o la meta regional es de $321.290.718 y la nacional es de $30.601.978.621. Durante el a\u00f1o 2015 la Telet\u00f3n atendi\u00f3 a m\u00e1s de 26&hellip; <\/p>\n","protected":false},"author":2,"featured_media":2519,"comment_status":"open","ping_status":"closed","sticky":false,"template":"","format":"standard","meta":{"footnotes":""},"categories":[7],"tags":[],"class_list":["post-2518","post","type-post","status-publish","format-standard","has-post-thumbnail","hentry","category-atacama"],"_links":{"self":[{"href":"https:\/\/www.radioamigavallenar.cl\/index.php?rest_route=\/wp\/v2\/posts\/2518","targetHints":{"allow":["GET"]}}],"collection":[{"href":"https:\/\/www.radioamigavallenar.cl\/index.php?rest_route=\/wp\/v2\/posts"}],"about":[{"href":"https:\/\/www.radioamigavallenar.cl\/index.php?rest_route=\/wp\/v2\/types\/post"}],"author":[{"embeddable":true,"href":"https:\/\/www.radioamigavallenar.cl\/index.php?rest_route=\/wp\/v2\/users\/2"}],"replies":[{"embeddable":true,"href":"https:\/\/www.radioamigavallenar.cl\/index.php?rest_route=%2Fwp%2Fv2%2Fcomments&post=2518"}],"version-history":[{"count":0,"href":"https:\/\/www.radioamigavallenar.cl\/index.php?rest_route=\/wp\/v2\/posts\/2518\/revisions"}],"wp:featuredmedia":[{"embeddable":true,"href":"https:\/\/www.radioamigavallenar.cl\/index.php?rest_route=\/wp\/v2\/media\/2519"}],"wp:attachment":[{"href":"https:\/\/www.radioamigavallenar.cl\/index.php?rest_route=%2Fwp%2Fv2%2Fmedia&parent=2518"}],"wp:term":[{"taxonomy":"category","embeddable":true,"href":"https:\/\/www.radioamigavallenar.cl\/index.php?rest_route=%2Fwp%2Fv2%2Fcategories&post=2518"},{"taxonomy":"post_tag","embeddable":true,"href":"https:\/\/www.radioamigavallenar.cl\/index.php?rest_route=%2Fwp%2Fv2%2Ftags&post=2518"}],"curies":[{"name":"wp","href":"https:\/\/api.w.org\/{rel}","templated":true}]}}