{"id":25177,"date":"2020-06-11T07:38:55","date_gmt":"2020-06-11T11:38:55","guid":{"rendered":"https:\/\/www.radioamigavallenar.cl\/?p=25177"},"modified":"2020-06-11T07:38:56","modified_gmt":"2020-06-11T11:38:56","slug":"seremi-de-gobierno-afirma-que-a-pesar-de-la-pandemia-se-continua-firme-la-lucha-contra-narcotrafico","status":"publish","type":"post","link":"https:\/\/www.radioamigavallenar.cl\/?p=25177","title":{"rendered":"Seremi de Gobierno afirma que a pesar de la pandemia se contin\u00faa firme la lucha contra narcotr\u00e1fico"},"content":{"rendered":"\n<div class=\"wp-block-image\"><figure class=\"aligncenter size-large\"><img decoding=\"async\" src=\"https:\/\/www.radioamigavallenar.cl\/wp-content\/uploads\/2020\/04\/seremi-francisca-plaza-1024x703.jpg\" alt=\"\" class=\"wp-image-23386\"\/><\/figure><\/div>\n\n\n\n<p><strong>La Secretaria Regional Ministerial de Gobierno, Mar\u00eda Francisca Plaza Velis, inform\u00f3 a la comunidad de Atacama, que el Presidente de la Rep\u00fablica, Sebasti\u00e1n Pi\u00f1era, present\u00f3 un proyecto de ley que fortalece la persecuci\u00f3n y el combate de los delitos vinculados al narcotr\u00e1fico en el pa\u00eds.<\/strong><\/p>\n\n\n\n<p>La iniciativa introducir\u00e1 una serie de modificaciones a la actual Ley de Drogas (Ley 20.000), aplicando todo el rigor en contra de quienes conforman organizaciones dedicadas al narcotr\u00e1fico, colocando especial acento en acciones destinadas a limitar su capacidad econ\u00f3mica.<\/p>\n\n\n\n<p>En este contexto, Plaza Velis declar\u00f3 que \u201cla droga ha destruido y destruye vidas, anhelos, esperanzas, sue\u00f1os y familias completas, por cierto, que tambi\u00e9n destruye nuestra capacidad de pensar, de sentir, de estudiar, de trabajar y de amar. En esta pandemia que vivimos, sabemos que nuestro enemigo n\u00famero uno es el Covid-19, pero tambi\u00e9n el narcotr\u00e1fico y la droga son un enemigo latente. La droga nos arrebata nuestras libertades y con su adicci\u00f3n nos transforma en verdaderos esclavos, nos mata\u201d.<\/p>\n\n\n\n<p>\u201cPor esta raz\u00f3n, nuestro Gobierno busca combatir la droga por dos caminos. El primero es con mano firme y dura contra el narcotr\u00e1fico y los narcotraficantes. En segunda instancia,&nbsp; buscaremos con una mano acogedora y rehabilitadora, trabajar con los enfermos que han ca\u00eddo en la adicci\u00f3n. Par a lograr estos objetivos nuestro Presidente Sebasti\u00e1n Pi\u00f1era present\u00f3 en el Congreso un proyecto de ley que fortalece esa mano firme y dura y que permitir\u00e1 combatir el narcotr\u00e1fico donde m\u00e1s le duele, atacando sus recursos, bienes y econom\u00eda\u201d, agreg\u00f3 la vocera regional del Gobierno.<\/p>\n\n\n\n<p>Entre las principales modificaciones est\u00e1 posibilitar, en casos calificados, la enajenaci\u00f3n temprana de los bienes incautados, de manera de no esperar la finalizaci\u00f3n del proceso penal como condici\u00f3n para iniciar los tr\u00e1mites. Tambi\u00e9n establece que los bienes incautados podr\u00e1n ser destinados a las unidades policiales que tengan por objeto el combate al narcotr\u00e1fico, de manera de optimizar su capacidad operativa y de respuesta.<\/p>\n\n\n\n<p>Se incorporan, adem\u00e1s, dentro del cat\u00e1logo de personas naturales y jur\u00eddicas que est\u00e1n obligadas a informar a la Unidad de An\u00e1lisis Financiero, sobre operaciones sospechosas que adviertan en el ejercicio de sus actividades, a las automotoras y comercializadoras de veh\u00edculos motorizados nuevos o usados.<\/p>\n\n\n\n<p>Se aumenta la pena de conductas que vulneren la integridad de ni\u00f1os, ni\u00f1as y adolescentes. Respecto del delito de suministrarles productos con hidrocarburos arom\u00e1ticos u otras sustancias similares a los mismos, se incorporan nuevas sustancias y se aumentan las penas.<\/p>\n\n\n\n<p>Para concluir, la Seremi de Gobierno afirm\u00f3 que este proyecto \u201ctambi\u00e9n aumenta la sanci\u00f3n de quienes se valen de menores de edad para delitos relacionados con el narcotr\u00e1fico. La ley permitir\u00e1 al Servicio Nacional para la Prevenci\u00f3n y Rehabilitaci\u00f3n del Consumo de Drogas y Alcohol (Senda) destinar los recursos obtenidos de los bienes y valores decomisados a programas de prevenci\u00f3n y rehabilitaci\u00f3n contra la drogadicci\u00f3n y el alcoholismo. Tambi\u00e9n podr\u00e1 utilizar los recursos en proyectos, estudios e investigaciones, infraestructura y capacitaciones que permitan apoyar directamente las labores de prevenci\u00f3n y rehabilitaci\u00f3n\u201d.<\/p>\n\n\n\n<p>Cabe relevar adem\u00e1s que, la iniciativa dispone que las personas condenadas por delitos relativos al narcotr\u00e1fico puedan ser demandadas para la restituci\u00f3n de los beneficios otorgados por el Ministerio de Vivienda y Urbanismo. El proyecto de ley busca sancionar tanto el hecho de suministrar drogas a terceros sin su consentimiento, como el delito cometido a consecuencia de esta administraci\u00f3n de sustancias prohibidas. Adem\u00e1s, se penar\u00e1 la cantidad y dosis de drogas, eliminando los conceptos de calidad y pureza.<\/p>\n","protected":false},"excerpt":{"rendered":"<p>La Secretaria Regional Ministerial de Gobierno, Mar\u00eda Francisca Plaza Velis, inform\u00f3 a la comunidad de Atacama, que el Presidente de la Rep\u00fablica, Sebasti\u00e1n Pi\u00f1era, present\u00f3&hellip; <\/p>\n","protected":false},"author":2,"featured_media":0,"comment_status":"open","ping_status":"closed","sticky":false,"template":"","format":"standard","meta":{"footnotes":""},"categories":[7],"tags":[],"class_list":["post-25177","post","type-post","status-publish","format-standard","hentry","category-atacama"],"_links":{"self":[{"href":"https:\/\/www.radioamigavallenar.cl\/index.php?rest_route=\/wp\/v2\/posts\/25177","targetHints":{"allow":["GET"]}}],"collection":[{"href":"https:\/\/www.radioamigavallenar.cl\/index.php?rest_route=\/wp\/v2\/posts"}],"about":[{"href":"https:\/\/www.radioamigavallenar.cl\/index.php?rest_route=\/wp\/v2\/types\/post"}],"author":[{"embeddable":true,"href":"https:\/\/www.radioamigavallenar.cl\/index.php?rest_route=\/wp\/v2\/users\/2"}],"replies":[{"embeddable":true,"href":"https:\/\/www.radioamigavallenar.cl\/index.php?rest_route=%2Fwp%2Fv2%2Fcomments&post=25177"}],"version-history":[{"count":0,"href":"https:\/\/www.radioamigavallenar.cl\/index.php?rest_route=\/wp\/v2\/posts\/25177\/revisions"}],"wp:attachment":[{"href":"https:\/\/www.radioamigavallenar.cl\/index.php?rest_route=%2Fwp%2Fv2%2Fmedia&parent=25177"}],"wp:term":[{"taxonomy":"category","embeddable":true,"href":"https:\/\/www.radioamigavallenar.cl\/index.php?rest_route=%2Fwp%2Fv2%2Fcategories&post=25177"},{"taxonomy":"post_tag","embeddable":true,"href":"https:\/\/www.radioamigavallenar.cl\/index.php?rest_route=%2Fwp%2Fv2%2Ftags&post=25177"}],"curies":[{"name":"wp","href":"https:\/\/api.w.org\/{rel}","templated":true}]}}